



{"id":5241,"date":"2026-09-01T11:29:53","date_gmt":"2026-09-01T09:29:53","guid":{"rendered":"https:\/\/www.alilauro.it\/?post_type=alinews&#038;p=5241"},"modified":"2026-09-01T11:29:53","modified_gmt":"2026-09-01T09:29:53","slug":"con-alilauro-a-ischia-per-il-festival-internazionale-di-filosofia","status":"publish","type":"alinews","link":"https:\/\/www.alilauro.it\/it\/alinews\/con-alilauro-a-ischia-per-il-festival-internazionale-di-filosofia\/","title":{"rendered":"Con Alilauro a Ischia per il Festival Internazionale di Filosofia"},"content":{"rendered":"\n<p class=\"wp-block-paragraph\"><strong>Dal primo al 27 settembre la dodicesima edizione dell\u2019<u>In-Philosophy Festival\u00a0<\/u>interroga le divisioni del presente: possiamo essere liberi insieme?\u00a0<\/strong><\/p>\n\n\n\n<p class=\"wp-block-paragraph\"><\/p>\n\n\n\n<figure class=\"wp-block-image size-large\"><img loading=\"lazy\" decoding=\"async\" width=\"1024\" height=\"420\" src=\"https:\/\/www.alilauro.it\/wp-content\/uploads\/2026\/09\/Screenshot-2026-09-01-alle-11.26.17-1-1024x420.png\" alt=\"\" class=\"wp-image-5244\" srcset=\"https:\/\/www.alilauro.it\/wp-content\/uploads\/2026\/09\/Screenshot-2026-09-01-alle-11.26.17-1-1024x420.png 1024w, https:\/\/www.alilauro.it\/wp-content\/uploads\/2026\/09\/Screenshot-2026-09-01-alle-11.26.17-1-300x123.png 300w, https:\/\/www.alilauro.it\/wp-content\/uploads\/2026\/09\/Screenshot-2026-09-01-alle-11.26.17-1-768x315.png 768w, https:\/\/www.alilauro.it\/wp-content\/uploads\/2026\/09\/Screenshot-2026-09-01-alle-11.26.17-1-1536x630.png 1536w, https:\/\/www.alilauro.it\/wp-content\/uploads\/2026\/09\/Screenshot-2026-09-01-alle-11.26.17-1-2048x840.png 2048w\" sizes=\"auto, (max-width: 1024px) 100vw, 1024px\" \/><\/figure>\n\n\n\n<p class=\"wp-block-paragraph\">Mentre il mondo moltiplica confini, conflitti e solitudini, da un\u2019isola arriva una domanda che riguarda tutti: si pu\u00f2 essere liberi insieme? \u00c8 il cuore della dodicesima edizione dell\u2019IN \/ PHILOSOPHY FESTIVAL, promosso dall\u2019Associazione culturale InSophia e in programma tra Ischia e Procida dal 1\u00b0 al 27 settembre 2026. Un evento al quale il Gruppo Lauro \u00e8 da sempre legato.<br>Il Festival torna a trasformare l\u2019isola in un laboratorio diffuso di filosofia pubblica. Il tema\u00a0<strong>&#8220;Libert\u00e0. Si pu\u00f2 essere liberi insieme?<\/strong>&#8221;\u00a0attraverser\u00e0 filosofia politica, tecnologia, educazione, psicologia, arti e vita quotidiana, mettendo alla prova l\u2019idea secondo cui la libert\u00e0 non \u00e8 soltanto una conquista individuale, ma una responsabilit\u00e0 che nasce nel rapporto con gli altri. <strong>Oltre cento studiosi provenienti da universit\u00e0 italiane e internazionali<\/strong>\u00a0daranno vita a pi\u00f9 di ottanta talk, sessioni in italiano e in inglese, lezioni magistrali, conversazioni, laboratori per le scuole, mostre, concerti e iniziative di sensibilizzazione. Gli appuntamenti raggiungeranno i Giardini La Mortella, il Castello Aragonese, Villa La Colombaia, l\u2019Albergo della Regina Isabella e Procida, facendo incontrare il pensiero con i luoghi, la memoria e il paesaggio.<\/p>\n\n\n\n<p class=\"wp-block-paragraph\"><strong>I grandi appuntamenti<\/strong><br>Il percorso prende avvio il 1\u00b0 settembre con\u00a0<strong>\u00abSentieri di libert\u00e0\u00bb<\/strong>, la campagna che porta negli spazi pubblici gli aforismi elaborati dagli studenti delle scuole di Ischia, Procida e Napoli. Il 10 e 11 settembre Procida ospiter\u00e0 il documentario \u00abCronache di libert\u00e0 in mezzo al mare\u00bb, il ricordo del filosofo Ernesto Paolozzi e la performance \u00abIl labirinto di Arianna, lo sguardo e l\u2019attesa\u00bb.<br>Il\u00a0<strong>18 settembre<\/strong>\u00a0l\u2019Albergo della Regina Isabella accoglier\u00e0 la tavola rotonda \u00abLibert\u00e0 e felicit\u00e0 tra Filangieri e Franklin\u00bb. La sera, nella Cattedrale dell\u2019Assunta del Castello Aragonese,\u00a0<strong>Raffaele Mirelli dialogher\u00e0 con Donatella Di Cesare sulle questioni pi\u00f9 urgenti del presente:<\/strong>\u00a0responsabilit\u00e0, conflitto, dissenso e possibilit\u00e0 di restituire la filosofia allo spazio pubblico.<br>Il\u00a0<strong>20 settembre Villa La Colombaia inaugurer\u00e0 la mostra \u00abBenedetto Croce: la soglia della memoria\u00bb, con testi e grafiche dell\u2019Istituto Paolo Colosimo di Napol<\/strong>i e progetto fotografico di El\u00e8na Lucariello. Il 22 settembre la Colombaia ospiter\u00e0 il laboratorio per ragazzi \u00abLiberi da\u2026\u00bb; il 23 settembre i Giardini La Mortella celebreranno il centenario della nascita di Lady Susana Walton con un concerto dedicato alla sua eredit\u00e0 culturale.<br>Il\u00a0<strong>24 settembre, sempre alla Mortella,<\/strong>\u00a0si terranno l\u2019apertura ufficiale e la\u00a0<strong>lectio magistralis di Stefano Petrucciani<\/strong>, \u00abI tre volti della libert\u00e0\u00bb.\u00a0<br><strong>Il 25 e 26 settembre Villa La Colombaia diventer\u00e0 il cuore del Festival: quattro sale, oltre ottanta talk\u00a0<\/strong>e un confronto internazionale che riunir\u00e0 studiosi provenienti da Europa, Nord America, Asia e Australia.<\/p>\n\n\n\n<p class=\"wp-block-paragraph\"><strong>Filosofia, presente e nuove generazioni<\/strong><br>Il\u00a0<strong>25 settembre Matteo Flora<\/strong>\u00a0parler\u00e0 agli studenti di rete, controllo e responsabilit\u00e0 digitale;\u00a0<strong>Simona Forti<\/strong>, professoressa di Filosofia politica alla Scuola Normale Superiore di Pisa, terr\u00e0 la keynote internazionale \u00abTotalitarian Specters: Democratic Freedoms Under Attack\u00bb. Il 26 settembre\u00a0<strong>Giuseppe<\/strong>\u00a0<strong>Ferraro<\/strong>\u00a0rifletter\u00e0 su \u00abI legami di libert\u00e0\u00bb,\u00a0<strong>Davide Monaco<\/strong>\u00a0su \u00abDiventare liberi\u00bb,\u00a0<strong>Giuseppe Giordano<\/strong>\u00a0sull\u2019attualit\u00e0 della religione della libert\u00e0 in Benedetto Croce.\u00a0<strong>La lectio conclusiva \u00abAntropologia della libert\u00e0\u00bb sar\u00e0 affidata a Silvano Petrosino.<\/strong><br>Una parte essenziale del programma \u00e8 dedicata alle\u00a0<strong>scuole<\/strong>\u00a0attraverso Filosofia per i ragazzi e il\u00a0<strong>Young Thinkers Festival<\/strong>:\u00a0<strong>non un pubblico da intrattenere, ma giovani chiamati a prendere parola, discutere e mettere alla prova il significato della libert\u00e0 nel loro tempo.<\/strong><\/p>\n\n\n\n<p class=\"wp-block-paragraph\"><strong>La filosofia come pratica pubblica<\/strong><\/p>\n\n\n\n<p class=\"wp-block-paragraph\">\u00abLa libert\u00e0 viene spesso raccontata come il diritto di sottrarsi agli altri. Il Festival prova a rovesciare la prospettiva: nessuno diventa libero da solo, perch\u00e9 ogni libert\u00e0 prende forma dentro legami, limiti e responsabilit\u00e0. Portare questa domanda a Ischia significa farla abitare nelle strade, nelle scuole, nei giardini e nei luoghi della memoria\u00bb,\u00a0<strong>dichiara Raffaele Mirelli, ideatore e direttore scientifico dell\u2019IN \/ PHILOSOPHY FESTIVAL.<\/strong><br>La manifestazione \u00e8 organizzata dall\u2019Associazione culturale InSophia con una rete di collaborazioni istituzionali, universitarie, scolastiche e culturali. Il programma completo, le modalit\u00e0 di accesso e le prenotazioni per gli appuntamenti che le richiedono sono disponibili su\u00a0<a href=\"http:\/\/www.inphilosophyfestival.it\/\">www.inphilosophyfestival.it<\/a>.<\/p>\n\n\n\n<p class=\"wp-block-paragraph\"><strong>Per scaricare il programma completo:&nbsp;<\/strong><\/p>\n\n\n\n<p class=\"wp-block-paragraph\">www.inphilosophyfestival.it<\/p>\n\n\n\n<figure class=\"wp-block-image size-large\"><img loading=\"lazy\" decoding=\"async\" width=\"808\" height=\"1024\" src=\"https:\/\/www.alilauro.it\/wp-content\/uploads\/2026\/09\/Screenshot-2026-09-01-alle-11.28.44-808x1024.png\" alt=\"La t-shirt immaginata con Alilauro\" class=\"wp-image-5246\" srcset=\"https:\/\/www.alilauro.it\/wp-content\/uploads\/2026\/09\/Screenshot-2026-09-01-alle-11.28.44-808x1024.png 808w, https:\/\/www.alilauro.it\/wp-content\/uploads\/2026\/09\/Screenshot-2026-09-01-alle-11.28.44-237x300.png 237w, https:\/\/www.alilauro.it\/wp-content\/uploads\/2026\/09\/Screenshot-2026-09-01-alle-11.28.44-768x973.png 768w, https:\/\/www.alilauro.it\/wp-content\/uploads\/2026\/09\/Screenshot-2026-09-01-alle-11.28.44.png 1138w\" sizes=\"auto, (max-width: 808px) 100vw, 808px\" \/><\/figure>\n","protected":false},"excerpt":{"rendered":"<p>Dal primo al 27 settembre la dodicesima edizione dell\u2019In-Philosophy Festival\u00a0interroga le divisioni del presente: possiamo essere liberi insieme?\u00a0 Mentre il mondo moltiplica confini, conflitti e solitudini, da un\u2019isola arriva una domanda che riguarda tutti: si pu\u00f2 essere liberi insieme? \u00c8 il cuore della dodicesima edizione dell\u2019IN \/ PHILOSOPHY FESTIVAL, promosso dall\u2019Associazione culturale InSophia e in [&hellip;]<\/p>\n","protected":false},"author":4,"featured_media":5242,"menu_order":0,"template":"","archivio_alinews":[],"class_list":["post-5241","alinews","type-alinews","status-publish","has-post-thumbnail","hentry"],"acf":[],"yoast_head":"<!-- This site is optimized with the Yoast SEO plugin v25.2 - https:\/\/yoast.com\/wordpress\/plugins\/seo\/ -->\n<title>Con Alilauro a Ischia per il Festival Internazionale di Filosofia - alilauro<\/title>\n<meta name=\"robots\" content=\"index, follow, max-snippet:-1, max-image-preview:large, max-video-preview:-1\" \/>\n<link rel=\"canonical\" href=\"https:\/\/www.alilauro.it\/it\/alinews\/con-alilauro-a-ischia-per-il-festival-internazionale-di-filosofia\/\" \/>\n<meta property=\"og:locale\" content=\"it_IT\" \/>\n<meta property=\"og:type\" content=\"article\" \/>\n<meta property=\"og:title\" content=\"Con Alilauro a Ischia per il Festival Internazionale di Filosofia - alilauro\" \/>\n<meta property=\"og:description\" content=\"Dal primo al 27 settembre la dodicesima edizione dell\u2019In-Philosophy Festival\u00a0interroga le divisioni del presente: possiamo essere liberi insieme?\u00a0 Mentre il mondo moltiplica confini, conflitti e solitudini, da un\u2019isola arriva una domanda che riguarda tutti: si pu\u00f2 essere liberi insieme? \u00c8 il cuore della dodicesima edizione dell\u2019IN \/ PHILOSOPHY FESTIVAL, promosso dall\u2019Associazione culturale InSophia e in [&hellip;]\" \/>\n<meta property=\"og:url\" content=\"https:\/\/www.alilauro.it\/it\/alinews\/con-alilauro-a-ischia-per-il-festival-internazionale-di-filosofia\/\" \/>\n<meta property=\"og:site_name\" content=\"alilauro\" \/>\n<meta property=\"article:publisher\" content=\"https:\/\/www.facebook.com\/lauro.shipping.9\" \/>\n<meta property=\"og:image\" content=\"https:\/\/www.alilauro.it\/wp-content\/uploads\/2026\/09\/Screenshot-2026-09-01-alle-11.26.17-scaled.png\" \/>\n\t<meta property=\"og:image:width\" content=\"2560\" \/>\n\t<meta property=\"og:image:height\" content=\"1050\" \/>\n\t<meta property=\"og:image:type\" content=\"image\/png\" \/>\n<meta name=\"twitter:card\" content=\"summary_large_image\" \/>\n<meta name=\"twitter:site\" content=\"@alilauro\" \/>\n<meta name=\"twitter:label1\" content=\"Tempo di lettura stimato\" \/>\n\t<meta name=\"twitter:data1\" content=\"5 minuti\" \/>\n<script type=\"application\/ld+json\" class=\"yoast-schema-graph\">{\"@context\":\"https:\/\/schema.org\",\"@graph\":[{\"@type\":\"WebPage\",\"@id\":\"https:\/\/www.alilauro.it\/it\/alinews\/con-alilauro-a-ischia-per-il-festival-internazionale-di-filosofia\/\",\"url\":\"https:\/\/www.alilauro.it\/it\/alinews\/con-alilauro-a-ischia-per-il-festival-internazionale-di-filosofia\/\",\"name\":\"Con Alilauro a Ischia per il Festival Internazionale di Filosofia - alilauro\",\"isPartOf\":{\"@id\":\"https:\/\/www.alilauro.it\/it\/#website\"},\"primaryImageOfPage\":{\"@id\":\"https:\/\/www.alilauro.it\/it\/alinews\/con-alilauro-a-ischia-per-il-festival-internazionale-di-filosofia\/#primaryimage\"},\"image\":{\"@id\":\"https:\/\/www.alilauro.it\/it\/alinews\/con-alilauro-a-ischia-per-il-festival-internazionale-di-filosofia\/#primaryimage\"},\"thumbnailUrl\":\"https:\/\/www.alilauro.it\/wp-content\/uploads\/2026\/09\/Screenshot-2026-09-01-alle-11.26.17-scaled.png\",\"datePublished\":\"2026-09-01T09:29:53+00:00\",\"breadcrumb\":{\"@id\":\"https:\/\/www.alilauro.it\/it\/alinews\/con-alilauro-a-ischia-per-il-festival-internazionale-di-filosofia\/#breadcrumb\"},\"inLanguage\":\"it-IT\",\"potentialAction\":[{\"@type\":\"ReadAction\",\"target\":[\"https:\/\/www.alilauro.it\/it\/alinews\/con-alilauro-a-ischia-per-il-festival-internazionale-di-filosofia\/\"]}]},{\"@type\":\"ImageObject\",\"inLanguage\":\"it-IT\",\"@id\":\"https:\/\/www.alilauro.it\/it\/alinews\/con-alilauro-a-ischia-per-il-festival-internazionale-di-filosofia\/#primaryimage\",\"url\":\"https:\/\/www.alilauro.it\/wp-content\/uploads\/2026\/09\/Screenshot-2026-09-01-alle-11.26.17-scaled.png\",\"contentUrl\":\"https:\/\/www.alilauro.it\/wp-content\/uploads\/2026\/09\/Screenshot-2026-09-01-alle-11.26.17-scaled.png\",\"width\":2560,\"height\":1050},{\"@type\":\"BreadcrumbList\",\"@id\":\"https:\/\/www.alilauro.it\/it\/alinews\/con-alilauro-a-ischia-per-il-festival-internazionale-di-filosofia\/#breadcrumb\",\"itemListElement\":[{\"@type\":\"ListItem\",\"position\":1,\"name\":\"Home\",\"item\":\"https:\/\/www.alilauro.it\/it\/\"},{\"@type\":\"ListItem\",\"position\":2,\"name\":\"Alinews\",\"item\":\"https:\/\/www.alilauro.it\/it\/alinews\/\"},{\"@type\":\"ListItem\",\"position\":3,\"name\":\"Con Alilauro a Ischia per il Festival Internazionale di Filosofia\"}]},{\"@type\":\"WebSite\",\"@id\":\"https:\/\/www.alilauro.it\/it\/#website\",\"url\":\"https:\/\/www.alilauro.it\/it\/\",\"name\":\"Alilauro\",\"description\":\"Una lunga storia di mare\",\"publisher\":{\"@id\":\"https:\/\/www.alilauro.it\/it\/#organization\"},\"potentialAction\":[{\"@type\":\"SearchAction\",\"target\":{\"@type\":\"EntryPoint\",\"urlTemplate\":\"https:\/\/www.alilauro.it\/it\/?s={search_term_string}\"},\"query-input\":{\"@type\":\"PropertyValueSpecification\",\"valueRequired\":true,\"valueName\":\"search_term_string\"}}],\"inLanguage\":\"it-IT\"},{\"@type\":\"Organization\",\"@id\":\"https:\/\/www.alilauro.it\/it\/#organization\",\"name\":\"Alilauro\",\"url\":\"https:\/\/www.alilauro.it\/it\/\",\"logo\":{\"@type\":\"ImageObject\",\"inLanguage\":\"it-IT\",\"@id\":\"https:\/\/www.alilauro.it\/it\/#\/schema\/logo\/image\/\",\"url\":\"https:\/\/www.alilauro.it\/wp-content\/uploads\/2022\/10\/logo-alilauro.jpg\",\"contentUrl\":\"https:\/\/www.alilauro.it\/wp-content\/uploads\/2022\/10\/logo-alilauro.jpg\",\"width\":333,\"height\":102,\"caption\":\"Alilauro\"},\"image\":{\"@id\":\"https:\/\/www.alilauro.it\/it\/#\/schema\/logo\/image\/\"},\"sameAs\":[\"https:\/\/www.facebook.com\/lauro.shipping.9\",\"https:\/\/x.com\/alilauro\",\"https:\/\/www.instagram.com\/alilaurovolaviamare\/\",\"https:\/\/www.youtube.com\/user\/arcipelagocampano\"]}]}<\/script>\n<!-- \/ Yoast SEO plugin. -->","yoast_head_json":{"title":"Con Alilauro a Ischia per il Festival Internazionale di Filosofia - alilauro","robots":{"index":"index","follow":"follow","max-snippet":"max-snippet:-1","max-image-preview":"max-image-preview:large","max-video-preview":"max-video-preview:-1"},"canonical":"https:\/\/www.alilauro.it\/it\/alinews\/con-alilauro-a-ischia-per-il-festival-internazionale-di-filosofia\/","og_locale":"it_IT","og_type":"article","og_title":"Con Alilauro a Ischia per il Festival Internazionale di Filosofia - alilauro","og_description":"Dal primo al 27 settembre la dodicesima edizione dell\u2019In-Philosophy Festival\u00a0interroga le divisioni del presente: possiamo essere liberi insieme?\u00a0 Mentre il mondo moltiplica confini, conflitti e solitudini, da un\u2019isola arriva una domanda che riguarda tutti: si pu\u00f2 essere liberi insieme? \u00c8 il cuore della dodicesima edizione dell\u2019IN \/ PHILOSOPHY FESTIVAL, promosso dall\u2019Associazione culturale InSophia e in [&hellip;]","og_url":"https:\/\/www.alilauro.it\/it\/alinews\/con-alilauro-a-ischia-per-il-festival-internazionale-di-filosofia\/","og_site_name":"alilauro","article_publisher":"https:\/\/www.facebook.com\/lauro.shipping.9","og_image":[{"width":2560,"height":1050,"url":"https:\/\/www.alilauro.it\/wp-content\/uploads\/2026\/09\/Screenshot-2026-09-01-alle-11.26.17-scaled.png","type":"image\/png"}],"twitter_card":"summary_large_image","twitter_site":"@alilauro","twitter_misc":{"Tempo di lettura stimato":"5 minuti"},"schema":{"@context":"https:\/\/schema.org","@graph":[{"@type":"WebPage","@id":"https:\/\/www.alilauro.it\/it\/alinews\/con-alilauro-a-ischia-per-il-festival-internazionale-di-filosofia\/","url":"https:\/\/www.alilauro.it\/it\/alinews\/con-alilauro-a-ischia-per-il-festival-internazionale-di-filosofia\/","name":"Con Alilauro a Ischia per il Festival Internazionale di Filosofia - alilauro","isPartOf":{"@id":"https:\/\/www.alilauro.it\/it\/#website"},"primaryImageOfPage":{"@id":"https:\/\/www.alilauro.it\/it\/alinews\/con-alilauro-a-ischia-per-il-festival-internazionale-di-filosofia\/#primaryimage"},"image":{"@id":"https:\/\/www.alilauro.it\/it\/alinews\/con-alilauro-a-ischia-per-il-festival-internazionale-di-filosofia\/#primaryimage"},"thumbnailUrl":"https:\/\/www.alilauro.it\/wp-content\/uploads\/2026\/09\/Screenshot-2026-09-01-alle-11.26.17-scaled.png","datePublished":"2026-09-01T09:29:53+00:00","breadcrumb":{"@id":"https:\/\/www.alilauro.it\/it\/alinews\/con-alilauro-a-ischia-per-il-festival-internazionale-di-filosofia\/#breadcrumb"},"inLanguage":"it-IT","potentialAction":[{"@type":"ReadAction","target":["https:\/\/www.alilauro.it\/it\/alinews\/con-alilauro-a-ischia-per-il-festival-internazionale-di-filosofia\/"]}]},{"@type":"ImageObject","inLanguage":"it-IT","@id":"https:\/\/www.alilauro.it\/it\/alinews\/con-alilauro-a-ischia-per-il-festival-internazionale-di-filosofia\/#primaryimage","url":"https:\/\/www.alilauro.it\/wp-content\/uploads\/2026\/09\/Screenshot-2026-09-01-alle-11.26.17-scaled.png","contentUrl":"https:\/\/www.alilauro.it\/wp-content\/uploads\/2026\/09\/Screenshot-2026-09-01-alle-11.26.17-scaled.png","width":2560,"height":1050},{"@type":"BreadcrumbList","@id":"https:\/\/www.alilauro.it\/it\/alinews\/con-alilauro-a-ischia-per-il-festival-internazionale-di-filosofia\/#breadcrumb","itemListElement":[{"@type":"ListItem","position":1,"name":"Home","item":"https:\/\/www.alilauro.it\/it\/"},{"@type":"ListItem","position":2,"name":"Alinews","item":"https:\/\/www.alilauro.it\/it\/alinews\/"},{"@type":"ListItem","position":3,"name":"Con Alilauro a Ischia per il Festival Internazionale di Filosofia"}]},{"@type":"WebSite","@id":"https:\/\/www.alilauro.it\/it\/#website","url":"https:\/\/www.alilauro.it\/it\/","name":"Alilauro","description":"Una lunga storia di mare","publisher":{"@id":"https:\/\/www.alilauro.it\/it\/#organization"},"potentialAction":[{"@type":"SearchAction","target":{"@type":"EntryPoint","urlTemplate":"https:\/\/www.alilauro.it\/it\/?s={search_term_string}"},"query-input":{"@type":"PropertyValueSpecification","valueRequired":true,"valueName":"search_term_string"}}],"inLanguage":"it-IT"},{"@type":"Organization","@id":"https:\/\/www.alilauro.it\/it\/#organization","name":"Alilauro","url":"https:\/\/www.alilauro.it\/it\/","logo":{"@type":"ImageObject","inLanguage":"it-IT","@id":"https:\/\/www.alilauro.it\/it\/#\/schema\/logo\/image\/","url":"https:\/\/www.alilauro.it\/wp-content\/uploads\/2022\/10\/logo-alilauro.jpg","contentUrl":"https:\/\/www.alilauro.it\/wp-content\/uploads\/2022\/10\/logo-alilauro.jpg","width":333,"height":102,"caption":"Alilauro"},"image":{"@id":"https:\/\/www.alilauro.it\/it\/#\/schema\/logo\/image\/"},"sameAs":["https:\/\/www.facebook.com\/lauro.shipping.9","https:\/\/x.com\/alilauro","https:\/\/www.instagram.com\/alilaurovolaviamare\/","https:\/\/www.youtube.com\/user\/arcipelagocampano"]}]}},"_links":{"self":[{"href":"https:\/\/www.alilauro.it\/it\/wp-json\/wp\/v2\/alinews\/5241","targetHints":{"allow":["GET"]}}],"collection":[{"href":"https:\/\/www.alilauro.it\/it\/wp-json\/wp\/v2\/alinews"}],"about":[{"href":"https:\/\/www.alilauro.it\/it\/wp-json\/wp\/v2\/types\/alinews"}],"author":[{"embeddable":true,"href":"https:\/\/www.alilauro.it\/it\/wp-json\/wp\/v2\/users\/4"}],"wp:featuredmedia":[{"embeddable":true,"href":"https:\/\/www.alilauro.it\/it\/wp-json\/wp\/v2\/media\/5242"}],"wp:attachment":[{"href":"https:\/\/www.alilauro.it\/it\/wp-json\/wp\/v2\/media?parent=5241"}],"wp:term":[{"taxonomy":"archivio_alinews","embeddable":true,"href":"https:\/\/www.alilauro.it\/it\/wp-json\/wp\/v2\/archivio_alinews?post=5241"}],"curies":[{"name":"wp","href":"https:\/\/api.w.org\/{rel}","templated":true}]}}