



{"id":4208,"date":"2024-10-25T11:56:50","date_gmt":"2024-10-25T09:56:50","guid":{"rendered":"https:\/\/www.alilauro.it\/?post_type=alinews&#038;p=4208"},"modified":"2025-06-12T11:43:44","modified_gmt":"2025-06-12T09:43:44","slug":"ischia-salvatore-lauro-presenta-il-libro-il-mare-dentro","status":"publish","type":"alinews","link":"https:\/\/www.alilauro.it\/it\/alinews\/ischia-salvatore-lauro-presenta-il-libro-il-mare-dentro\/","title":{"rendered":"Ischia, Salvatore Lauro presenta il libro \u201cIl mare dentro\u201d"},"content":{"rendered":"\n<p><strong>Sabato 26 ottobre alle 17.00 nella sala consiliare il Comune di Ischia consegna l\u2019attestato di civica benemerenza all\u2019armatore, gi\u00e0 senatore: nell\u2019occasione Lauro racconter\u00e0 il suo libro autobiografico, edito da Rubbettino<\/strong><\/p>\n\n\n<div class=\"wp-block-image\">\n<figure class=\"aligncenter size-large is-resized\"><img loading=\"lazy\" decoding=\"async\" width=\"660\" height=\"1024\" src=\"https:\/\/www.alilauro.it\/wp-content\/uploads\/2024\/10\/24e0336p1c_9788849881721_var_lauro_piatto-scaled.jpg-1-660x1024.webp\" alt=\"la copertina del libro di salvatore Lauro\nil mare dentro dalla dolce vita alla tempesta\" class=\"wp-image-4209\" style=\"width:439px;height:auto\" srcset=\"https:\/\/www.alilauro.it\/wp-content\/uploads\/2024\/10\/24e0336p1c_9788849881721_var_lauro_piatto-scaled.jpg-1-660x1024.webp 660w, https:\/\/www.alilauro.it\/wp-content\/uploads\/2024\/10\/24e0336p1c_9788849881721_var_lauro_piatto-scaled.jpg-1-193x300.webp 193w, https:\/\/www.alilauro.it\/wp-content\/uploads\/2024\/10\/24e0336p1c_9788849881721_var_lauro_piatto-scaled.jpg-1-768x1192.webp 768w, https:\/\/www.alilauro.it\/wp-content\/uploads\/2024\/10\/24e0336p1c_9788849881721_var_lauro_piatto-scaled.jpg-1-990x1536.webp 990w, https:\/\/www.alilauro.it\/wp-content\/uploads\/2024\/10\/24e0336p1c_9788849881721_var_lauro_piatto-scaled.jpg-1-1320x2048.webp 1320w, https:\/\/www.alilauro.it\/wp-content\/uploads\/2024\/10\/24e0336p1c_9788849881721_var_lauro_piatto-scaled.jpg-1.webp 1650w\" sizes=\"auto, (max-width: 660px) 100vw, 660px\" \/><\/figure>\n<\/div>\n\n\n<p><br><br>Un libro al quale ha affidato aneddoti biografici, mescolandoli ad un\u2019analisi politica e sociale sul presente e sul futuro, e ricostruendo cos\u00ec la storia di Ischia e dell\u2019intero Paese, partendo dagli anni Sessanta, dalla grande speranza del boom economico: sabato 26 ottobre, alle 17.00, nella consiliare del Comune di Ischia, l\u2019armatore Salvatore Lauro, presidente del Gruppo Lauro e gi\u00e0 senatore della Repubblica, presenta \u201cIl mare dentro. Dalla dolce vita alla tempesta perfetta\u201d, il volume edito da Rubbettino (con prefazione di Edward Luttwak) gi\u00e0 disponibile in libreria.&nbsp;<br><strong>Nel corso del pomeriggio, il Comune di Ischia consegner\u00e0 a Lauro un attestato di civica benemerenza, manifestandogli la riconoscenza della comunit\u00e0 per aver contribuito allo sviluppo dell\u2019isola.<\/strong><br>Nel libro, che sar\u00e0 presentato in dialogo con il giornalista&nbsp;<strong>Massimo Zivelli<\/strong>&nbsp;e insieme con&nbsp;<strong>Tonino Baiocco<\/strong>, che ha vissuto gli anni della Dolce Vita ischitana, l\u2019isola diventa una metafora: luogo di accoglienza di alcuni dei pi\u00f9 grandi protagonisti del mondo industriale e artistico del tempo, assurge a simbolo di un\u2019Italia felice e speranzosa. L\u2019autore passa agli anni della disillusione, con la grande speranza disattesa della partecipazione politica di chi sperava di diventare un attore del cambiamento del Paese. Ischia, in un percorso circolare, torna: dai fasti degli anni Sessanta alla distruzione del paesaggio con le frane, diventa il luogo da cui far partire una riflessione sulla ricostruzione del Paese. \u201cUn libro che \u00e8 solo l\u2019inizio di un progetto aperto\u201d, sottolinea Lauro, annunciando un blog (salvatorelauro.it) che lanimer\u00e0 con le sue idee e i contributi di esperti.<\/p>\n","protected":false},"excerpt":{"rendered":"<p>Sabato 26 ottobre alle 17.00 nella sala consiliare il Comune di Ischia consegna l\u2019attestato di civica benemerenza all\u2019armatore, gi\u00e0 senatore: nell\u2019occasione Lauro racconter\u00e0 il suo libro autobiografico, edito da Rubbettino Un libro al quale ha affidato aneddoti biografici, mescolandoli ad un\u2019analisi politica e sociale sul presente e sul futuro, e ricostruendo cos\u00ec la storia di [&hellip;]<\/p>\n","protected":false},"author":4,"featured_media":4209,"menu_order":0,"template":"","archivio_alinews":[],"class_list":["post-4208","alinews","type-alinews","status-publish","has-post-thumbnail","hentry"],"acf":[],"yoast_head":"<!-- This site is optimized with the Yoast SEO plugin v25.2 - https:\/\/yoast.com\/wordpress\/plugins\/seo\/ -->\n<title>Ischia, Salvatore Lauro presenta il libro \u201cIl mare dentro\u201d - alilauro<\/title>\n<meta name=\"robots\" content=\"index, follow, max-snippet:-1, max-image-preview:large, max-video-preview:-1\" \/>\n<link rel=\"canonical\" href=\"https:\/\/www.alilauro.it\/it\/alinews\/ischia-salvatore-lauro-presenta-il-libro-il-mare-dentro\/\" \/>\n<meta property=\"og:locale\" content=\"it_IT\" \/>\n<meta property=\"og:type\" content=\"article\" \/>\n<meta property=\"og:title\" content=\"Ischia, Salvatore Lauro presenta il libro \u201cIl mare dentro\u201d - alilauro\" \/>\n<meta property=\"og:description\" content=\"Sabato 26 ottobre alle 17.00 nella sala consiliare il Comune di Ischia consegna l\u2019attestato di civica benemerenza all\u2019armatore, gi\u00e0 senatore: nell\u2019occasione Lauro racconter\u00e0 il suo libro autobiografico, edito da Rubbettino Un libro al quale ha affidato aneddoti biografici, mescolandoli ad un\u2019analisi politica e sociale sul presente e sul futuro, e ricostruendo cos\u00ec la storia di [&hellip;]\" \/>\n<meta property=\"og:url\" content=\"https:\/\/www.alilauro.it\/it\/alinews\/ischia-salvatore-lauro-presenta-il-libro-il-mare-dentro\/\" \/>\n<meta property=\"og:site_name\" content=\"alilauro\" \/>\n<meta property=\"article:publisher\" content=\"https:\/\/www.facebook.com\/lauro.shipping.9\" \/>\n<meta property=\"article:modified_time\" content=\"2025-06-12T09:43:44+00:00\" \/>\n<meta property=\"og:image\" content=\"https:\/\/www.alilauro.it\/wp-content\/uploads\/2024\/10\/24e0336p1c_9788849881721_var_lauro_piatto-scaled.jpg-1.webp\" \/>\n\t<meta property=\"og:image:width\" content=\"1650\" \/>\n\t<meta property=\"og:image:height\" content=\"2560\" \/>\n\t<meta property=\"og:image:type\" content=\"image\/webp\" \/>\n<meta name=\"twitter:card\" content=\"summary_large_image\" \/>\n<meta name=\"twitter:site\" content=\"@alilauro\" \/>\n<meta name=\"twitter:label1\" content=\"Tempo di lettura stimato\" \/>\n\t<meta name=\"twitter:data1\" content=\"2 minuti\" \/>\n<script type=\"application\/ld+json\" class=\"yoast-schema-graph\">{\"@context\":\"https:\/\/schema.org\",\"@graph\":[{\"@type\":\"WebPage\",\"@id\":\"https:\/\/www.alilauro.it\/it\/alinews\/ischia-salvatore-lauro-presenta-il-libro-il-mare-dentro\/\",\"url\":\"https:\/\/www.alilauro.it\/it\/alinews\/ischia-salvatore-lauro-presenta-il-libro-il-mare-dentro\/\",\"name\":\"Ischia, Salvatore Lauro presenta il libro \u201cIl mare dentro\u201d - alilauro\",\"isPartOf\":{\"@id\":\"https:\/\/www.alilauro.it\/it\/#website\"},\"primaryImageOfPage\":{\"@id\":\"https:\/\/www.alilauro.it\/it\/alinews\/ischia-salvatore-lauro-presenta-il-libro-il-mare-dentro\/#primaryimage\"},\"image\":{\"@id\":\"https:\/\/www.alilauro.it\/it\/alinews\/ischia-salvatore-lauro-presenta-il-libro-il-mare-dentro\/#primaryimage\"},\"thumbnailUrl\":\"https:\/\/www.alilauro.it\/wp-content\/uploads\/2024\/10\/24e0336p1c_9788849881721_var_lauro_piatto-scaled.jpg-1.webp\",\"datePublished\":\"2024-10-25T09:56:50+00:00\",\"dateModified\":\"2025-06-12T09:43:44+00:00\",\"breadcrumb\":{\"@id\":\"https:\/\/www.alilauro.it\/it\/alinews\/ischia-salvatore-lauro-presenta-il-libro-il-mare-dentro\/#breadcrumb\"},\"inLanguage\":\"it-IT\",\"potentialAction\":[{\"@type\":\"ReadAction\",\"target\":[\"https:\/\/www.alilauro.it\/it\/alinews\/ischia-salvatore-lauro-presenta-il-libro-il-mare-dentro\/\"]}]},{\"@type\":\"ImageObject\",\"inLanguage\":\"it-IT\",\"@id\":\"https:\/\/www.alilauro.it\/it\/alinews\/ischia-salvatore-lauro-presenta-il-libro-il-mare-dentro\/#primaryimage\",\"url\":\"https:\/\/www.alilauro.it\/wp-content\/uploads\/2024\/10\/24e0336p1c_9788849881721_var_lauro_piatto-scaled.jpg-1.webp\",\"contentUrl\":\"https:\/\/www.alilauro.it\/wp-content\/uploads\/2024\/10\/24e0336p1c_9788849881721_var_lauro_piatto-scaled.jpg-1.webp\",\"width\":1650,\"height\":2560},{\"@type\":\"BreadcrumbList\",\"@id\":\"https:\/\/www.alilauro.it\/it\/alinews\/ischia-salvatore-lauro-presenta-il-libro-il-mare-dentro\/#breadcrumb\",\"itemListElement\":[{\"@type\":\"ListItem\",\"position\":1,\"name\":\"Home\",\"item\":\"https:\/\/www.alilauro.it\/it\/\"},{\"@type\":\"ListItem\",\"position\":2,\"name\":\"Alinews\",\"item\":\"https:\/\/www.alilauro.it\/it\/alinews\/\"},{\"@type\":\"ListItem\",\"position\":3,\"name\":\"Ischia, Salvatore Lauro presenta il libro \u201cIl mare dentro\u201d\"}]},{\"@type\":\"WebSite\",\"@id\":\"https:\/\/www.alilauro.it\/it\/#website\",\"url\":\"https:\/\/www.alilauro.it\/it\/\",\"name\":\"Alilauro\",\"description\":\"Una lunga storia di mare\",\"publisher\":{\"@id\":\"https:\/\/www.alilauro.it\/it\/#organization\"},\"potentialAction\":[{\"@type\":\"SearchAction\",\"target\":{\"@type\":\"EntryPoint\",\"urlTemplate\":\"https:\/\/www.alilauro.it\/it\/?s={search_term_string}\"},\"query-input\":{\"@type\":\"PropertyValueSpecification\",\"valueRequired\":true,\"valueName\":\"search_term_string\"}}],\"inLanguage\":\"it-IT\"},{\"@type\":\"Organization\",\"@id\":\"https:\/\/www.alilauro.it\/it\/#organization\",\"name\":\"Alilauro\",\"url\":\"https:\/\/www.alilauro.it\/it\/\",\"logo\":{\"@type\":\"ImageObject\",\"inLanguage\":\"it-IT\",\"@id\":\"https:\/\/www.alilauro.it\/it\/#\/schema\/logo\/image\/\",\"url\":\"https:\/\/www.alilauro.it\/wp-content\/uploads\/2022\/10\/logo-alilauro.jpg\",\"contentUrl\":\"https:\/\/www.alilauro.it\/wp-content\/uploads\/2022\/10\/logo-alilauro.jpg\",\"width\":333,\"height\":102,\"caption\":\"Alilauro\"},\"image\":{\"@id\":\"https:\/\/www.alilauro.it\/it\/#\/schema\/logo\/image\/\"},\"sameAs\":[\"https:\/\/www.facebook.com\/lauro.shipping.9\",\"https:\/\/x.com\/alilauro\",\"https:\/\/www.instagram.com\/alilaurovolaviamare\/\",\"https:\/\/www.youtube.com\/user\/arcipelagocampano\"]}]}<\/script>\n<!-- \/ Yoast SEO plugin. -->","yoast_head_json":{"title":"Ischia, Salvatore Lauro presenta il libro \u201cIl mare dentro\u201d - alilauro","robots":{"index":"index","follow":"follow","max-snippet":"max-snippet:-1","max-image-preview":"max-image-preview:large","max-video-preview":"max-video-preview:-1"},"canonical":"https:\/\/www.alilauro.it\/it\/alinews\/ischia-salvatore-lauro-presenta-il-libro-il-mare-dentro\/","og_locale":"it_IT","og_type":"article","og_title":"Ischia, Salvatore Lauro presenta il libro \u201cIl mare dentro\u201d - alilauro","og_description":"Sabato 26 ottobre alle 17.00 nella sala consiliare il Comune di Ischia consegna l\u2019attestato di civica benemerenza all\u2019armatore, gi\u00e0 senatore: nell\u2019occasione Lauro racconter\u00e0 il suo libro autobiografico, edito da Rubbettino Un libro al quale ha affidato aneddoti biografici, mescolandoli ad un\u2019analisi politica e sociale sul presente e sul futuro, e ricostruendo cos\u00ec la storia di [&hellip;]","og_url":"https:\/\/www.alilauro.it\/it\/alinews\/ischia-salvatore-lauro-presenta-il-libro-il-mare-dentro\/","og_site_name":"alilauro","article_publisher":"https:\/\/www.facebook.com\/lauro.shipping.9","article_modified_time":"2025-06-12T09:43:44+00:00","og_image":[{"width":1650,"height":2560,"url":"https:\/\/www.alilauro.it\/wp-content\/uploads\/2024\/10\/24e0336p1c_9788849881721_var_lauro_piatto-scaled.jpg-1.webp","type":"image\/webp"}],"twitter_card":"summary_large_image","twitter_site":"@alilauro","twitter_misc":{"Tempo di lettura stimato":"2 minuti"},"schema":{"@context":"https:\/\/schema.org","@graph":[{"@type":"WebPage","@id":"https:\/\/www.alilauro.it\/it\/alinews\/ischia-salvatore-lauro-presenta-il-libro-il-mare-dentro\/","url":"https:\/\/www.alilauro.it\/it\/alinews\/ischia-salvatore-lauro-presenta-il-libro-il-mare-dentro\/","name":"Ischia, Salvatore Lauro presenta il libro \u201cIl mare dentro\u201d - alilauro","isPartOf":{"@id":"https:\/\/www.alilauro.it\/it\/#website"},"primaryImageOfPage":{"@id":"https:\/\/www.alilauro.it\/it\/alinews\/ischia-salvatore-lauro-presenta-il-libro-il-mare-dentro\/#primaryimage"},"image":{"@id":"https:\/\/www.alilauro.it\/it\/alinews\/ischia-salvatore-lauro-presenta-il-libro-il-mare-dentro\/#primaryimage"},"thumbnailUrl":"https:\/\/www.alilauro.it\/wp-content\/uploads\/2024\/10\/24e0336p1c_9788849881721_var_lauro_piatto-scaled.jpg-1.webp","datePublished":"2024-10-25T09:56:50+00:00","dateModified":"2025-06-12T09:43:44+00:00","breadcrumb":{"@id":"https:\/\/www.alilauro.it\/it\/alinews\/ischia-salvatore-lauro-presenta-il-libro-il-mare-dentro\/#breadcrumb"},"inLanguage":"it-IT","potentialAction":[{"@type":"ReadAction","target":["https:\/\/www.alilauro.it\/it\/alinews\/ischia-salvatore-lauro-presenta-il-libro-il-mare-dentro\/"]}]},{"@type":"ImageObject","inLanguage":"it-IT","@id":"https:\/\/www.alilauro.it\/it\/alinews\/ischia-salvatore-lauro-presenta-il-libro-il-mare-dentro\/#primaryimage","url":"https:\/\/www.alilauro.it\/wp-content\/uploads\/2024\/10\/24e0336p1c_9788849881721_var_lauro_piatto-scaled.jpg-1.webp","contentUrl":"https:\/\/www.alilauro.it\/wp-content\/uploads\/2024\/10\/24e0336p1c_9788849881721_var_lauro_piatto-scaled.jpg-1.webp","width":1650,"height":2560},{"@type":"BreadcrumbList","@id":"https:\/\/www.alilauro.it\/it\/alinews\/ischia-salvatore-lauro-presenta-il-libro-il-mare-dentro\/#breadcrumb","itemListElement":[{"@type":"ListItem","position":1,"name":"Home","item":"https:\/\/www.alilauro.it\/it\/"},{"@type":"ListItem","position":2,"name":"Alinews","item":"https:\/\/www.alilauro.it\/it\/alinews\/"},{"@type":"ListItem","position":3,"name":"Ischia, Salvatore Lauro presenta il libro \u201cIl mare dentro\u201d"}]},{"@type":"WebSite","@id":"https:\/\/www.alilauro.it\/it\/#website","url":"https:\/\/www.alilauro.it\/it\/","name":"Alilauro","description":"Una lunga storia di mare","publisher":{"@id":"https:\/\/www.alilauro.it\/it\/#organization"},"potentialAction":[{"@type":"SearchAction","target":{"@type":"EntryPoint","urlTemplate":"https:\/\/www.alilauro.it\/it\/?s={search_term_string}"},"query-input":{"@type":"PropertyValueSpecification","valueRequired":true,"valueName":"search_term_string"}}],"inLanguage":"it-IT"},{"@type":"Organization","@id":"https:\/\/www.alilauro.it\/it\/#organization","name":"Alilauro","url":"https:\/\/www.alilauro.it\/it\/","logo":{"@type":"ImageObject","inLanguage":"it-IT","@id":"https:\/\/www.alilauro.it\/it\/#\/schema\/logo\/image\/","url":"https:\/\/www.alilauro.it\/wp-content\/uploads\/2022\/10\/logo-alilauro.jpg","contentUrl":"https:\/\/www.alilauro.it\/wp-content\/uploads\/2022\/10\/logo-alilauro.jpg","width":333,"height":102,"caption":"Alilauro"},"image":{"@id":"https:\/\/www.alilauro.it\/it\/#\/schema\/logo\/image\/"},"sameAs":["https:\/\/www.facebook.com\/lauro.shipping.9","https:\/\/x.com\/alilauro","https:\/\/www.instagram.com\/alilaurovolaviamare\/","https:\/\/www.youtube.com\/user\/arcipelagocampano"]}]}},"_links":{"self":[{"href":"https:\/\/www.alilauro.it\/it\/wp-json\/wp\/v2\/alinews\/4208","targetHints":{"allow":["GET"]}}],"collection":[{"href":"https:\/\/www.alilauro.it\/it\/wp-json\/wp\/v2\/alinews"}],"about":[{"href":"https:\/\/www.alilauro.it\/it\/wp-json\/wp\/v2\/types\/alinews"}],"author":[{"embeddable":true,"href":"https:\/\/www.alilauro.it\/it\/wp-json\/wp\/v2\/users\/4"}],"wp:featuredmedia":[{"embeddable":true,"href":"https:\/\/www.alilauro.it\/it\/wp-json\/wp\/v2\/media\/4209"}],"wp:attachment":[{"href":"https:\/\/www.alilauro.it\/it\/wp-json\/wp\/v2\/media?parent=4208"}],"wp:term":[{"taxonomy":"archivio_alinews","embeddable":true,"href":"https:\/\/www.alilauro.it\/it\/wp-json\/wp\/v2\/archivio_alinews?post=4208"}],"curies":[{"name":"wp","href":"https:\/\/api.w.org\/{rel}","templated":true}]}}