



{"id":4040,"date":"2024-09-19T14:57:45","date_gmt":"2024-09-19T12:57:45","guid":{"rendered":"https:\/\/www.alilauro.it\/?post_type=alinews&#038;p=4040"},"modified":"2025-06-12T12:50:12","modified_gmt":"2025-06-12T10:50:12","slug":"ischia-celebra-la-festa-del-porto-con-un-grande-spettacolo-sullacqua","status":"publish","type":"alinews","link":"https:\/\/www.alilauro.it\/it\/alinews\/ischia-celebra-la-festa-del-porto-con-un-grande-spettacolo-sullacqua\/","title":{"rendered":"Ischia celebra la festa del porto con un grande spettacolo sull&#8217;acqua"},"content":{"rendered":"\n<p>Luned\u00ec 23 settembre ricorre il 170esimo anniversario dell&#8217;apertura di quello che un tempo era un lago: ecco il programma dell&#8217;iniziativa. <strong>Alilauro comunica significative variazioni al programma delle corse da e per Napoli<\/strong><br><\/p>\n\n\n\n<figure class=\"wp-block-image size-full is-resized\"><img loading=\"lazy\" decoding=\"async\" width=\"1000\" height=\"1429\" src=\"https:\/\/www.alilauro.it\/wp-content\/uploads\/2024\/09\/locandina-23-settembre-1.jpg\" alt=\"locandina della testa del porto di ischia 2024\" class=\"wp-image-4045\" style=\"width:600px\" srcset=\"https:\/\/www.alilauro.it\/wp-content\/uploads\/2024\/09\/locandina-23-settembre-1.jpg 1000w, https:\/\/www.alilauro.it\/wp-content\/uploads\/2024\/09\/locandina-23-settembre-1-210x300.jpg 210w, https:\/\/www.alilauro.it\/wp-content\/uploads\/2024\/09\/locandina-23-settembre-1-717x1024.jpg 717w, https:\/\/www.alilauro.it\/wp-content\/uploads\/2024\/09\/locandina-23-settembre-1-768x1097.jpg 768w\" sizes=\"auto, (max-width: 1000px) 100vw, 1000px\" \/><\/figure>\n\n\n\n<p><br>Un tempo lago, il porto d&#8217;<a href=\"http:\/\/ischia.it\">Ischia<\/a> &#8211; che ha la forma simbolica di un abbraccio, metafora dell&#8217;accoglienza a chi vi approda &#8211; celebra il suo 170esimo compleanno. A volerlo cos\u00ec, con una straordinaria intuizione, fu i Re Ferdinando II di Borbone: lavori iniziarono nel luglio del 1853 e coinvolsero molti uomini provenienti dalle carceri borboniche del <a href=\"https:\/\/www.alilauro.it\/wp-content\/uploads\/2024\/02\/castello.png\">Castello Aragonese<\/a>, il 17 settembre del 1854 la grande inaugurazione.<br>Per ricordarla, il Comune di Ischia ha organizzato la Festa del Porto, in programma luned\u00ec 23 settembre, in tempo per il ritorno delle migliori condizioni meteomarine.<br>Dalle 18, l&#8217;approdo sar\u00e0 completamente svuotato dalle imbarcazioni, in modo da far rivivere l\u2019atmosfera di quel settembre del 1854. <br>Si inscener\u00e0 cos\u00ec l\u2019ingresso di Re Ferdinando II con il corteo storico dalla banchina Olimpica al palazzo Reale per poi proseguire con la passeggiata del Re tra le strade del centro. Alle 20:00 in Piazza Antica Reggia ci sar\u00e0 la tradizionale spaghettata per tutti i presenti in attesa del momento pi\u00f9 atteso: lo spettacolo sull\u2019acqua dal titolo \u201c<strong>Il Poema del Quarto Element<\/strong>o\u201d, con il porto di Ischia che, alle 21:30, si trasformer\u00e0 in un vero e proprio palcoscenico sul quale si esibiranno gli artisti della \u201cFesti Group\u201d, specializzati in spettacoli en plein air per le citt\u00e0, realizzazione di grandi eventi celebrativi, installazioni luminose, installazioni ludiche e gi\u00e0 protagonisti di eventi come la cerimonia di apertura a Tokyo dell&#8217;Anno italiano in Giappone, la Cerimonia di apertura a Pechino per l&#8217;Anno italiano in Cina; la Cerimonia di apertura a Rio de Janeiro per il &#8220;Momento Italia\/Brasile&#8221;, l&#8217;evento centrale in Kenya per il rapporto di collaborazione tra il Ministero dell&#8217;Ambiente e l&#8217;Unesco sul tema dell&#8217;acqua. Lo spettacolo coinvolger\u00e0 tutta l\u2019area portuale e sar\u00e0 quindi visibile da tutte le sponde. Al termine, ci sar\u00e0 il via ai fuochi<br>piromusicali. Alle 23:00 il porto di Ischia riaprir\u00e0 tornando ad accogliere le imbarcazioni.<br>In virt\u00f9 delle celebrazioni, Alilauro &#8211; che partecipa attivamente all&#8217;evento, anche attraverso l&#8217;esposizione &#8211; alle Antiche Terme Comunali &#8211; di tre modellini delle sue unit\u00e0, comunica che le corse marittime subiranno alcune sospensioni e variazioni nei giorni 23 e 24 settembre:<\/p>\n\n\n\n<figure class=\"wp-block-image size-large is-resized\"><img decoding=\"async\" src=\"https:\/\/www.alilauro.it\/wp-content\/uploads\/2024\/09\/WhatsApp-Image-2024-09-19-at-15.07.34-1024x1024.jpeg\" alt=\"Modiche dell orario delle partenze periste durante la festa del porto\" class=\"wp-image-4049\" style=\"width:500px\"\/><\/figure>\n\n\n\n<p><br><br><strong>23 settembre<\/strong><\/p>\n\n\n\n<p>&#8211; 15:40: Beverello \u2013 Ischia (SOSPESA)<br> &#8211; 17:20: Beverello \u2013 Forio (corsa diretta a Forio, <strong>non effettuer\u00e0 lo scalo di Ischia<\/strong>)<br> &#8211; 17:55: Beverello &#8211; Ischia (SOSPESA)<br>&#8211; 17:55: Beverello \u2013 Forio (non sbarcher\u00e0 a Ischia)<br>&#8211; 19:10: Ischia &#8211; Beverello (SOSPESA)<br>&#8211; 19:10: Forio \u2013 Beverello (la partenza non verr\u00e0 effettuata da Ischia ma da Forio)<br>&#8211; 20:20: Beverello &#8211; Ischia (SOSPESA)<br>&#8211; 20:20: Beverello \u2013 Forio (non sbarcher\u00e0 a Ischia)<\/p>\n\n\n\n<p><\/p>\n\n\n\n<p><strong>24 settembre<\/strong><br>&#8211; 8:05: Ischia &#8211; Beverello (SOSPESA)<br><em>Si precisa che per i titolari degli abbonamenti validi per la tratta Beverello-Ischia e vv dovr\u00e0 essere emesso eccezionalmente il ticket sulla tratta Beverello-Forio.<\/em><br>&#8211; I voucher emessi dalle altre societ\u00e0, per le predette partenze, non verranno accettati.<\/p>\n\n\n\n<p><\/p>\n","protected":false},"excerpt":{"rendered":"<p>Luned\u00ec 23 settembre ricorre il 170esimo anniversario dell&#8217;apertura di quello che un tempo era un lago: ecco il programma dell&#8217;iniziativa. Alilauro comunica significative variazioni al programma delle corse da e per Napoli Un tempo lago, il porto d&#8217;Ischia &#8211; che ha la forma simbolica di un abbraccio, metafora dell&#8217;accoglienza a chi vi approda &#8211; celebra [&hellip;]<\/p>\n","protected":false},"author":4,"featured_media":4043,"menu_order":0,"template":"","archivio_alinews":[],"class_list":["post-4040","alinews","type-alinews","status-publish","has-post-thumbnail","hentry"],"acf":[],"yoast_head":"<!-- This site is optimized with the Yoast SEO plugin v25.2 - https:\/\/yoast.com\/wordpress\/plugins\/seo\/ -->\n<title>Ischia celebra la festa del porto con un grande spettacolo sull&#039;acqua - alilauro<\/title>\n<meta name=\"description\" content=\"Luned\u00ec 23 settembre ricorre il 170esimo anniversario dell&#039;apertura del porto: ecco il programma dell&#039;iniziativa.\" \/>\n<meta name=\"robots\" content=\"index, follow, max-snippet:-1, max-image-preview:large, max-video-preview:-1\" \/>\n<link rel=\"canonical\" href=\"https:\/\/www.alilauro.it\/it\/alinews\/ischia-celebra-la-festa-del-porto-con-un-grande-spettacolo-sullacqua\/\" \/>\n<meta property=\"og:locale\" content=\"it_IT\" \/>\n<meta property=\"og:type\" content=\"article\" \/>\n<meta property=\"og:title\" content=\"Ischia celebra la festa del porto con un grande spettacolo sull&#039;acqua - alilauro\" \/>\n<meta property=\"og:description\" content=\"Luned\u00ec 23 settembre ricorre il 170esimo anniversario dell&#039;apertura del porto: ecco il programma dell&#039;iniziativa.\" \/>\n<meta property=\"og:url\" content=\"https:\/\/www.alilauro.it\/it\/alinews\/ischia-celebra-la-festa-del-porto-con-un-grande-spettacolo-sullacqua\/\" \/>\n<meta property=\"og:site_name\" content=\"alilauro\" \/>\n<meta property=\"article:publisher\" content=\"https:\/\/www.facebook.com\/lauro.shipping.9\" \/>\n<meta property=\"article:modified_time\" content=\"2025-06-12T10:50:12+00:00\" \/>\n<meta property=\"og:image\" content=\"https:\/\/www.alilauro.it\/wp-content\/uploads\/2024\/09\/locandina-23-settembre.jpg\" \/>\n\t<meta property=\"og:image:width\" content=\"1000\" \/>\n\t<meta property=\"og:image:height\" content=\"1429\" \/>\n\t<meta property=\"og:image:type\" content=\"image\/jpeg\" \/>\n<meta name=\"twitter:card\" content=\"summary_large_image\" \/>\n<meta name=\"twitter:site\" content=\"@alilauro\" \/>\n<meta name=\"twitter:label1\" content=\"Tempo di lettura stimato\" \/>\n\t<meta name=\"twitter:data1\" content=\"4 minuti\" \/>\n<script type=\"application\/ld+json\" class=\"yoast-schema-graph\">{\"@context\":\"https:\/\/schema.org\",\"@graph\":[{\"@type\":\"WebPage\",\"@id\":\"https:\/\/www.alilauro.it\/it\/alinews\/ischia-celebra-la-festa-del-porto-con-un-grande-spettacolo-sullacqua\/\",\"url\":\"https:\/\/www.alilauro.it\/it\/alinews\/ischia-celebra-la-festa-del-porto-con-un-grande-spettacolo-sullacqua\/\",\"name\":\"Ischia celebra la festa del porto con un grande spettacolo sull'acqua - alilauro\",\"isPartOf\":{\"@id\":\"https:\/\/www.alilauro.it\/it\/#website\"},\"primaryImageOfPage\":{\"@id\":\"https:\/\/www.alilauro.it\/it\/alinews\/ischia-celebra-la-festa-del-porto-con-un-grande-spettacolo-sullacqua\/#primaryimage\"},\"image\":{\"@id\":\"https:\/\/www.alilauro.it\/it\/alinews\/ischia-celebra-la-festa-del-porto-con-un-grande-spettacolo-sullacqua\/#primaryimage\"},\"thumbnailUrl\":\"https:\/\/www.alilauro.it\/wp-content\/uploads\/2024\/09\/locandina-23-settembre.jpg\",\"datePublished\":\"2024-09-19T12:57:45+00:00\",\"dateModified\":\"2025-06-12T10:50:12+00:00\",\"description\":\"Luned\u00ec 23 settembre ricorre il 170esimo anniversario dell'apertura del porto: ecco il programma dell'iniziativa.\",\"breadcrumb\":{\"@id\":\"https:\/\/www.alilauro.it\/it\/alinews\/ischia-celebra-la-festa-del-porto-con-un-grande-spettacolo-sullacqua\/#breadcrumb\"},\"inLanguage\":\"it-IT\",\"potentialAction\":[{\"@type\":\"ReadAction\",\"target\":[\"https:\/\/www.alilauro.it\/it\/alinews\/ischia-celebra-la-festa-del-porto-con-un-grande-spettacolo-sullacqua\/\"]}]},{\"@type\":\"ImageObject\",\"inLanguage\":\"it-IT\",\"@id\":\"https:\/\/www.alilauro.it\/it\/alinews\/ischia-celebra-la-festa-del-porto-con-un-grande-spettacolo-sullacqua\/#primaryimage\",\"url\":\"https:\/\/www.alilauro.it\/wp-content\/uploads\/2024\/09\/locandina-23-settembre.jpg\",\"contentUrl\":\"https:\/\/www.alilauro.it\/wp-content\/uploads\/2024\/09\/locandina-23-settembre.jpg\",\"width\":1000,\"height\":1429},{\"@type\":\"BreadcrumbList\",\"@id\":\"https:\/\/www.alilauro.it\/it\/alinews\/ischia-celebra-la-festa-del-porto-con-un-grande-spettacolo-sullacqua\/#breadcrumb\",\"itemListElement\":[{\"@type\":\"ListItem\",\"position\":1,\"name\":\"Home\",\"item\":\"https:\/\/www.alilauro.it\/it\/\"},{\"@type\":\"ListItem\",\"position\":2,\"name\":\"Alinews\",\"item\":\"https:\/\/www.alilauro.it\/it\/alinews\/\"},{\"@type\":\"ListItem\",\"position\":3,\"name\":\"Ischia celebra la festa del porto con un grande spettacolo sull&#8217;acqua\"}]},{\"@type\":\"WebSite\",\"@id\":\"https:\/\/www.alilauro.it\/it\/#website\",\"url\":\"https:\/\/www.alilauro.it\/it\/\",\"name\":\"Alilauro\",\"description\":\"Una lunga storia di mare\",\"publisher\":{\"@id\":\"https:\/\/www.alilauro.it\/it\/#organization\"},\"potentialAction\":[{\"@type\":\"SearchAction\",\"target\":{\"@type\":\"EntryPoint\",\"urlTemplate\":\"https:\/\/www.alilauro.it\/it\/?s={search_term_string}\"},\"query-input\":{\"@type\":\"PropertyValueSpecification\",\"valueRequired\":true,\"valueName\":\"search_term_string\"}}],\"inLanguage\":\"it-IT\"},{\"@type\":\"Organization\",\"@id\":\"https:\/\/www.alilauro.it\/it\/#organization\",\"name\":\"Alilauro\",\"url\":\"https:\/\/www.alilauro.it\/it\/\",\"logo\":{\"@type\":\"ImageObject\",\"inLanguage\":\"it-IT\",\"@id\":\"https:\/\/www.alilauro.it\/it\/#\/schema\/logo\/image\/\",\"url\":\"https:\/\/www.alilauro.it\/wp-content\/uploads\/2022\/10\/logo-alilauro.jpg\",\"contentUrl\":\"https:\/\/www.alilauro.it\/wp-content\/uploads\/2022\/10\/logo-alilauro.jpg\",\"width\":333,\"height\":102,\"caption\":\"Alilauro\"},\"image\":{\"@id\":\"https:\/\/www.alilauro.it\/it\/#\/schema\/logo\/image\/\"},\"sameAs\":[\"https:\/\/www.facebook.com\/lauro.shipping.9\",\"https:\/\/x.com\/alilauro\",\"https:\/\/www.instagram.com\/alilaurovolaviamare\/\",\"https:\/\/www.youtube.com\/user\/arcipelagocampano\"]}]}<\/script>\n<!-- \/ Yoast SEO plugin. -->","yoast_head_json":{"title":"Ischia celebra la festa del porto con un grande spettacolo sull'acqua - alilauro","description":"Luned\u00ec 23 settembre ricorre il 170esimo anniversario dell'apertura del porto: ecco il programma dell'iniziativa.","robots":{"index":"index","follow":"follow","max-snippet":"max-snippet:-1","max-image-preview":"max-image-preview:large","max-video-preview":"max-video-preview:-1"},"canonical":"https:\/\/www.alilauro.it\/it\/alinews\/ischia-celebra-la-festa-del-porto-con-un-grande-spettacolo-sullacqua\/","og_locale":"it_IT","og_type":"article","og_title":"Ischia celebra la festa del porto con un grande spettacolo sull'acqua - alilauro","og_description":"Luned\u00ec 23 settembre ricorre il 170esimo anniversario dell'apertura del porto: ecco il programma dell'iniziativa.","og_url":"https:\/\/www.alilauro.it\/it\/alinews\/ischia-celebra-la-festa-del-porto-con-un-grande-spettacolo-sullacqua\/","og_site_name":"alilauro","article_publisher":"https:\/\/www.facebook.com\/lauro.shipping.9","article_modified_time":"2025-06-12T10:50:12+00:00","og_image":[{"width":1000,"height":1429,"url":"https:\/\/www.alilauro.it\/wp-content\/uploads\/2024\/09\/locandina-23-settembre.jpg","type":"image\/jpeg"}],"twitter_card":"summary_large_image","twitter_site":"@alilauro","twitter_misc":{"Tempo di lettura stimato":"4 minuti"},"schema":{"@context":"https:\/\/schema.org","@graph":[{"@type":"WebPage","@id":"https:\/\/www.alilauro.it\/it\/alinews\/ischia-celebra-la-festa-del-porto-con-un-grande-spettacolo-sullacqua\/","url":"https:\/\/www.alilauro.it\/it\/alinews\/ischia-celebra-la-festa-del-porto-con-un-grande-spettacolo-sullacqua\/","name":"Ischia celebra la festa del porto con un grande spettacolo sull'acqua - alilauro","isPartOf":{"@id":"https:\/\/www.alilauro.it\/it\/#website"},"primaryImageOfPage":{"@id":"https:\/\/www.alilauro.it\/it\/alinews\/ischia-celebra-la-festa-del-porto-con-un-grande-spettacolo-sullacqua\/#primaryimage"},"image":{"@id":"https:\/\/www.alilauro.it\/it\/alinews\/ischia-celebra-la-festa-del-porto-con-un-grande-spettacolo-sullacqua\/#primaryimage"},"thumbnailUrl":"https:\/\/www.alilauro.it\/wp-content\/uploads\/2024\/09\/locandina-23-settembre.jpg","datePublished":"2024-09-19T12:57:45+00:00","dateModified":"2025-06-12T10:50:12+00:00","description":"Luned\u00ec 23 settembre ricorre il 170esimo anniversario dell'apertura del porto: ecco il programma dell'iniziativa.","breadcrumb":{"@id":"https:\/\/www.alilauro.it\/it\/alinews\/ischia-celebra-la-festa-del-porto-con-un-grande-spettacolo-sullacqua\/#breadcrumb"},"inLanguage":"it-IT","potentialAction":[{"@type":"ReadAction","target":["https:\/\/www.alilauro.it\/it\/alinews\/ischia-celebra-la-festa-del-porto-con-un-grande-spettacolo-sullacqua\/"]}]},{"@type":"ImageObject","inLanguage":"it-IT","@id":"https:\/\/www.alilauro.it\/it\/alinews\/ischia-celebra-la-festa-del-porto-con-un-grande-spettacolo-sullacqua\/#primaryimage","url":"https:\/\/www.alilauro.it\/wp-content\/uploads\/2024\/09\/locandina-23-settembre.jpg","contentUrl":"https:\/\/www.alilauro.it\/wp-content\/uploads\/2024\/09\/locandina-23-settembre.jpg","width":1000,"height":1429},{"@type":"BreadcrumbList","@id":"https:\/\/www.alilauro.it\/it\/alinews\/ischia-celebra-la-festa-del-porto-con-un-grande-spettacolo-sullacqua\/#breadcrumb","itemListElement":[{"@type":"ListItem","position":1,"name":"Home","item":"https:\/\/www.alilauro.it\/it\/"},{"@type":"ListItem","position":2,"name":"Alinews","item":"https:\/\/www.alilauro.it\/it\/alinews\/"},{"@type":"ListItem","position":3,"name":"Ischia celebra la festa del porto con un grande spettacolo sull&#8217;acqua"}]},{"@type":"WebSite","@id":"https:\/\/www.alilauro.it\/it\/#website","url":"https:\/\/www.alilauro.it\/it\/","name":"Alilauro","description":"Una lunga storia di mare","publisher":{"@id":"https:\/\/www.alilauro.it\/it\/#organization"},"potentialAction":[{"@type":"SearchAction","target":{"@type":"EntryPoint","urlTemplate":"https:\/\/www.alilauro.it\/it\/?s={search_term_string}"},"query-input":{"@type":"PropertyValueSpecification","valueRequired":true,"valueName":"search_term_string"}}],"inLanguage":"it-IT"},{"@type":"Organization","@id":"https:\/\/www.alilauro.it\/it\/#organization","name":"Alilauro","url":"https:\/\/www.alilauro.it\/it\/","logo":{"@type":"ImageObject","inLanguage":"it-IT","@id":"https:\/\/www.alilauro.it\/it\/#\/schema\/logo\/image\/","url":"https:\/\/www.alilauro.it\/wp-content\/uploads\/2022\/10\/logo-alilauro.jpg","contentUrl":"https:\/\/www.alilauro.it\/wp-content\/uploads\/2022\/10\/logo-alilauro.jpg","width":333,"height":102,"caption":"Alilauro"},"image":{"@id":"https:\/\/www.alilauro.it\/it\/#\/schema\/logo\/image\/"},"sameAs":["https:\/\/www.facebook.com\/lauro.shipping.9","https:\/\/x.com\/alilauro","https:\/\/www.instagram.com\/alilaurovolaviamare\/","https:\/\/www.youtube.com\/user\/arcipelagocampano"]}]}},"_links":{"self":[{"href":"https:\/\/www.alilauro.it\/it\/wp-json\/wp\/v2\/alinews\/4040","targetHints":{"allow":["GET"]}}],"collection":[{"href":"https:\/\/www.alilauro.it\/it\/wp-json\/wp\/v2\/alinews"}],"about":[{"href":"https:\/\/www.alilauro.it\/it\/wp-json\/wp\/v2\/types\/alinews"}],"author":[{"embeddable":true,"href":"https:\/\/www.alilauro.it\/it\/wp-json\/wp\/v2\/users\/4"}],"wp:featuredmedia":[{"embeddable":true,"href":"https:\/\/www.alilauro.it\/it\/wp-json\/wp\/v2\/media\/4043"}],"wp:attachment":[{"href":"https:\/\/www.alilauro.it\/it\/wp-json\/wp\/v2\/media?parent=4040"}],"wp:term":[{"taxonomy":"archivio_alinews","embeddable":true,"href":"https:\/\/www.alilauro.it\/it\/wp-json\/wp\/v2\/archivio_alinews?post=4040"}],"curies":[{"name":"wp","href":"https:\/\/api.w.org\/{rel}","templated":true}]}}