



{"id":3906,"date":"2024-07-25T13:25:32","date_gmt":"2024-07-25T11:25:32","guid":{"rendered":"https:\/\/www.alilauro.it\/?post_type=alinews&#038;p=3906"},"modified":"2025-06-12T15:11:05","modified_gmt":"2025-06-12T13:11:05","slug":"a-ischia-lo-spettacolo-della-festa-di-santanna","status":"publish","type":"alinews","link":"https:\/\/www.alilauro.it\/it\/alinews\/a-ischia-lo-spettacolo-della-festa-di-santanna\/","title":{"rendered":"A Ischia lo spettacolo della Festa di Sant&#8217;Anna"},"content":{"rendered":"\n<h2 class=\"wp-block-heading\"><strong><em>Vivi la magia della Festa di Sant&#8217;Anna a Ischia Ponte, un evento unico tra tradizione e spettacolo, ai piedi del suggestivo Castello Aragonese. Scopri tutto sul programma e come partecipare<\/em>!<\/strong><\/h2>\n\n\n\n<p><\/p>\n\n\n\n<figure class=\"wp-block-image size-large\"><img loading=\"lazy\" decoding=\"async\" width=\"1024\" height=\"685\" src=\"https:\/\/www.alilauro.it\/wp-content\/uploads\/2024\/07\/SantAnna-1-1024x685.jpeg\" alt=\"foto scattata da Antonio Aracchi del castello aragonese di Ischia durante la festa di sant Anna con la rievocazione dell'incendio del castello\" class=\"wp-image-3911\" srcset=\"https:\/\/www.alilauro.it\/wp-content\/uploads\/2024\/07\/SantAnna-1-1024x685.jpeg 1024w, https:\/\/www.alilauro.it\/wp-content\/uploads\/2024\/07\/SantAnna-1-300x201.jpeg 300w, https:\/\/www.alilauro.it\/wp-content\/uploads\/2024\/07\/SantAnna-1-768x514.jpeg 768w, https:\/\/www.alilauro.it\/wp-content\/uploads\/2024\/07\/SantAnna-1.jpeg 1440w\" sizes=\"auto, (max-width: 1024px) 100vw, 1024px\" \/><\/figure>\n\n\n\n<p><\/p>\n\n\n\n<p>La suggestione di una baia che diventa un palcoscenico, per un evento davvero unico nel suo genere. Anche quest&#8217;anno Alilauro suggerisce di non perdere la Festa a mare agli Scogli di Sant&#8217;Anna, in programma il 26 luglio a Ischia Ponte. Il nostro gruppo prevede anche iniziative dedicate, per assistere all&#8217;evento direttamente in barca (info www.capitanmorgan.it): l&#8217;importante \u00e8 lasciarsi coinvolgere dall&#8217;atmosfera di una Festa sul mare. Una lunga storia di mare anche questa (la prima edizione \u00e8 datata 92 anni fa), proprio come quella di Alilauro.<br>Scopri<a href=\"https:\/\/www.visitischia.info\/evento\/92-edizione-festa-a-mare-agli-scogli-di-santanna\/\">&nbsp;il programma&nbsp;<\/a><\/p>\n\n\n\n<h3 class=\"wp-block-heading\"><strong>La storia della Festa di Sant&#8217;Anna in pillole<\/strong><\/h3>\n\n\n\n<p>La Festa di Sant\u2019Anna \u00e8 l\u2019evento pi\u00f9 atteso e sentito dalla comunit\u00e0 ischitana e si svolge il 26 luglio aa Ischia Ponte, nello specchio d\u2019acqua ai piedi del <a href=\"https:\/\/castelloaragoneseischia.com\/\">Castello Aragonese<\/a>. Legato all\u2019antico culto della santa protettrice delle partorienti, l\u2019evento nasce dal rito delle giovani puerpere, che raggiungevano su gozzi addobbati a festa la chiesetta di Sant\u2019Anna, incastonata nella baia di Cartaromana. Di anno in anno gli addobbi delle barche sono diventati sempre pi\u00f9 ricercati sino a diventare vere e proprie scenografie galleggianti con temi evocativi legati alle tradizioni e alla storia dell\u2019isola d\u2019Ischia entrando in concorso tra di loro.<\/p>\n\n\n\n<h3 class=\"wp-block-heading\"><strong>Tutto quel che c&#8217;\u00e8 da sapere sulla Festa&nbsp;di Sant&#8217;Anna<\/strong><\/h3>\n\n\n\n<p>L\u2019evento ha inizio con la sfilata delle barche allegoriche in concorso, ancorate gi\u00e0 da qualche giorno prima ai piedi del Castello aragonese, in quello che diventer\u00e0 un teatro galleggiante. Ogni barca ha a disposizione circa 20 minuti per sfilare nella baia e mettere in scena il proprio spettacolo davanti a migliaia di spettatori assiepati sugli scogli e sui pontili o affacciati dai balconi e, soprattutto, davanti alla giuria tecnica che a fine serata decreter\u00e0 la pi\u00f9 bella. Ci sono anche diversi premi collaterali, compreso uno stabilito dal pubblico, che vota attraverso le torce dei propri smartphone. Il culmine della serata \u00e8 la simulazione dell\u2019incendio del Castello Aragonese, uno spettacolo decisamente suggestivo, accompagnato da una storica colonna sonora, \u201cBlue Dolphin\u201d. La conclusione della manifestazione \u00e8 garantita da uno spettacolo piromusicale che illumina l\u2019intero borgo di Ischia Ponte e la baia di Cartaromana.<\/p>\n\n\n\n<h3 class=\"wp-block-heading\"><strong>Come assistere alla Festa<\/strong> <strong>di Sant&#8217;Anna<\/strong><\/h3>\n\n\n\n<p>Lo spettacolo della sfilata delle barche allegoriche e la simulazione dell\u2019incendio con i fuochi pirotecnici si possono apprezzare sia da terra \u2013 sugli scogli e lungo il pontile Aragonese che conduce al Castello \u2013 che da mare, tramite imbarcazione privata o a noleggio (sull\u2019isola ci sono diverse compagnie che organizzano la serata a bordo). Il consiglio \u00e8 quello di recarsi ad Ischia Ponte gi\u00e0 dal pomeriggio per assicurarsi un posto privilegiato. La tradizione vuole che in tantissimi facciano il bagno sistemandosi sui scogli, opportunamente attrezzati con snack, panini e parmigiana di melanzane (tradizione autentica) in attesa dell\u2019inizio della festa. E\u2019 importante sapere che i posti a sedere non sono accessibili.&nbsp;<br><a href=\"https:\/\/www.visitischia.info\/wp-content\/uploads\/2024\/07\/santanna-2023-barche-1.png\">&nbsp;Per raggiungere il&nbsp;<\/a><a href=\"https:\/\/www.visitischia.info\/amw-poi\/ischia-ponte\/\" target=\"_blank\" rel=\"noreferrer noopener\">borgo di Ischia Ponte<\/a>, \u2013 che per la serata sar\u00e0 off limits a tutti i mezzi di locomozione \u2013 \u00e8 stato istituito un servizio della navetta gratuita Ziz\u00ec, con partenza a ciclo continuo dal parcheggio gratuito di Fondobosso. In alternativa, \u00e8 consigliabile trovare parcheggio ad Ischia Porto e raggiungere a piedi o con autobus l\u2019antico borgo.<\/p>\n\n\n\n<h3 class=\"wp-block-heading\"><strong>Come assistere alla costruzione delle barche allegoriche<\/strong> <strong>di Sant&#8217;Anna<\/strong><\/h3>\n\n\n\n<p>Le quattro barche allegoriche in concorso di norma sono ancorate ai piedi del Castello Aragonese ad Ischia Ponte per ultimare gli ultimi accorgimenti alle scenografie ed \u00e8 possibile assistere a questi antichi riti dei mestieranti dal Pontile aragonese nei giorni antecedenti alla festa<\/p>\n\n\n\n<h3 class=\"wp-block-heading\"><strong>Le quattro barche allegoriche della sfilata di Sant&#8217;Anna<\/strong><\/h3>\n\n\n\n<p>Le quattro barche allegoriche, il cui ordine di sfilata si stabilir\u00e0 il giorno 24 luglio con una gara di canoa in tandem nello specchio acqueo antistante il Castello Aragonese organizzata dal Club Auras (si ringrazia per questo il pres. Carlo Piccoli e il rappr. della squadra Vincenzo Trani) e alla quale parteciperanno studenti degli istituti scolastici isolani, saranno le seguenti:<\/p>\n\n\n\n<p><\/p>\n\n\n\n<p><\/p>\n\n\n\n<p><\/p>\n\n\n\n<p><strong>ISCHIA, TERRA D\u2019INCANTO E VIRTU<\/strong>\u2019 <br>a cura dell\u2019ANS Diving Ischia.La barca \u201cIschia, terra d\u2019incanto e virt\u00f9\u201d \u00e8 stata realizzata con il sostegno dall\u2019associazione ANS Diving Ischia, con un gruppo composto da esperti costruttori e qualcuno alla prima esperienza, sempre affannato ma tuttavia, con amore e dedizione, cimentandosi nella preparazione del carro, con la volont\u00e0 di raccontare e tramandare quello che pu\u00f2 essere considerato un costume sociale, un\u2019usanza che ha per molto tempo contraddistinto la popolazione di questa splendida isola, in tempi ormai passati.<br>La tradizione del \u201ccala cala\u201d \u00e8 una delle pi\u00f9 antiche della nostra Isola e rappresenta senza dubbio un modo peculiare di vivere il territorio attraverso la sua autenticit\u00e0 e il contatto con la sua gente. In questa parola derivante dal verbo greco kaleo, vi \u00e8 tutta l\u2019essenza del popolo ischitano, dell\u2019anima di Ischia, racchiusa nel suo essere terra di mare e terra. Questa tradizione oramai persa, in realt\u00e0 vive ancora tra i vicoli della nostra Isola, dove le signore ancora usano u\u2019canist per le loro spese. Tuttavia vi \u00e8 nascosto un significato ambivalente. Se per alcune zone del nostro territorio, l\u2019azione era intesa come un baratto, espressa nell\u2019atto di mandare qualcosa gi\u00f9, dall\u2019alto verso il basso, in attesa di ricevere qualcos\u2019altro in cambio, per altre zone dell\u2019isola, il cala cala aveva un\u2019accezione pi\u00f9 negativa, dettata anche dalle diverse condizioni sociali e rappresentava un furto. Con questo carro si \u00e8 voluto rappresentare quello che il cala cala \u00e8 stato per l\u2019isola di Ischia con un piccolo aneddoto che speriamo faccia ridere e divertire tutti coloro qui presenti per godersi la novantaduesima edizione della Festa di Sant\u2019Anna<\/p>\n\n\n\n<p><\/p>\n\n\n\n<p><strong>LA LEGGENDA DELL\u2019UOVO DI VIRGILIO<\/strong>&nbsp;<br>a cura dell\u2019Associazione Aldebaran Turismo e Cultura.<br>Rappresentazione di tre figure ( san Gennaro, Partenope , san Virgilio) che riprendono la cultura napoletana e Ischitana con al centro l\u2019uovo di Virgilio. Le figure danzano come un carillon e quindi sono destinati a non raggiungersi mai.<\/p>\n\n\n\n<p><\/p>\n\n\n\n<p><strong>LA DANZA DELLA MEDUSA<\/strong>&nbsp;<br>a cura dell\u2019Associazione P.I.D.A.<br>Il mare \u00e8 orizzonte possibile di sogni e desideri, un altrove dove essere liberi ed esprimere la propria unicit\u00e0, giocando con l\u2019altro.<br>La medusa diventa, cos\u00ec, simbolo di fragilit\u00e0 che si trasforma in bellezza, la sua danza \u00e8 uno spettacolo che incanta e che trascina con s\u00e9 le nostre aspirazioni pi\u00f9 segrete.<br>La barca allegorica \u00e8 un omaggio al mare della nostra isola, ma soprattutto \u00e8 un inno alla speranza per tutti i giovani che si affacciano alla vita.<br>La barca \u00e8 stata pensata in chiave di sostenibilit\u00e0 ambientale e circolarit\u00e0. Realizzata in bamboo, sar\u00e0 alimentata da pannelli fotovoltaici e batterie ed avr\u00e0 nel suo ciclo di vita un bilancio di CO2 positivo. Dopo la festa si trasformer\u00e0 in una cassa armonica galleggiante per concerti ed eventi e girer\u00e0 l\u2019isola fino a settembre.<\/p>\n\n\n\n<p><\/p>\n\n\n\n<p><strong>UN GIGANTE DENTRO DI NOI<\/strong>&nbsp;<br>a cura della Pro Loco Lacco Ameno.<br>La barca rappresenta Ischia, un\u2019isola unita e coesa, non frammentata in comuni, ma compatta nella sua essenza. \u00c8 un\u2019isola che si racconta attraverso leggende, tradizioni e costumi di ieri e di oggi, rivelando un popolo intriso di resilienza. Questo \u00e8 il vero segreto per proteggere la loro amata terra: la forza interiore e la determinazione a preservare ci\u00f2 che \u00e8 caro.<\/p>\n\n\n\n<ol start=\"1\" class=\"wp-block-list\">\n<li><\/li>\n<\/ol>\n\n\n\n<p><\/p>\n\n\n\n<p><\/p>\n\n\n\n<h3 class=\"wp-block-heading\"><strong>La giuria e i premi<\/strong><\/h3>\n\n\n\n<p>A giudicare le barche allegoriche che sfileranno nei loro consueti 20 minuti di tempo previsti, sar\u00e0 l\u2019autorevole giuria presieduta da&nbsp;<strong>Lucia Fortini<\/strong>, Assessore Regionale alla Scuola e alle Politiche Sociali e Giovanili Regione Campania.<\/p>\n\n\n\n<p>Altri membri saranno l\u2019<strong>On Giovanni Legnini<\/strong>, Commissario Straordinario per la ricostruzione post sisma e post frana sull\u2019isola di Ischia,&nbsp;<strong>Bruno Barbieri<\/strong>, chef pluri premiato Michelin con 7 stelle in carriera, conduttore televisivo e imprenditore italiano,&nbsp;<strong>Germano Bellavia,&nbsp;<\/strong>attore noto al pubblico per aver interpretato Guido Del Bue nella soap&nbsp;<em>Un posto al sole,&nbsp;<\/em><strong>Luisa Amatucci<\/strong>, attrice nota al pubblico per il suo ruolo nella soap Un posto al Sole,&nbsp;<strong>Marina Fumo<\/strong>, Architetto e consulente Scabec (societ\u00e0 in house della Regione Campania).<br>Questi, invece, i premi da assegnare nel corso della serata:<\/p>\n\n\n\n<p><\/p>\n\n\n\n<p><\/p>\n\n\n\n<ul class=\"wp-block-list\">\n<li><strong>Premio Funiciello<\/strong>. Artista isolano il cui segno distintivo delle sue opere sono il vivace connubio di colori splendenti che trovano espressione soprattutto nei suoi famosi collage con la stoffa. Viene assegnato al miglior bozzetto artistico e quest\u2019anno sar\u00e0 suddiviso in due sezioni: Premio Funiciello per il miglior bozzetto delle barche in concorso e Premio Funiciello sez. Scuola Viva per l\u2019impegno dei giovani artisti.<\/li>\n\n\n\n<li><strong>Premio Andrea Di Massa<\/strong>&nbsp;(alla memoria di uno dei migliori costruttori)<br>Assegnato da una giuria tecnica sulla base della valutazione della complessit\u00e0 realizzativa e della maggiore innovazione scenografica<\/li>\n\n\n\n<li><strong>Premio Nerone<\/strong>&nbsp;(al secolo Giovan Giuseppe Sorrentino)<br>Il premio a lui intitolato viene annualmente assegnato dalla famiglia Sorrentino, i quali valutano ogni volta la barca che ha meglio interpretato lo Spirito della Festa<\/li>\n\n\n\n<li><strong>Premio Domenico Di Meglio<\/strong>, in memoria del maestro di giornalismo locale. Ad assegnarlo sar\u00e0, come sempre, il popolo che assiste alla festa che voter\u00e0 la barca preferita accendendo la torcia del proprio smartphone: un modo per regalare alla scenografia della Festa un momento ancora pi\u00f9 bello: la baia si illuminer\u00e0 di tante piccole luci.<\/li>\n\n\n\n<li><strong>Premio Mario Mazzella<\/strong>&nbsp;dedicato alla memoria dell\u2019artista famoso per l\u2019essenzialit\u00e0 figurativa e stilistica delle sue opere dalle tipiche architetture isolane e dai colori pastello. Verr\u00e0 assegnato dagli eredi dell\u2019artista isolano apprezzato in tutto il mondo, alla barca che rispetta l\u2019equilibrio tra forma e colore.<\/li>\n\n\n\n<li><strong>Premio social e voto da casa<\/strong>&nbsp;(novit\u00e0 di questa edizione 2024): a giudicare le barche saranno i 5 influencer ospiti e il pubblico da casa che potr\u00e0 votare la barca preferita attraverso un sondaggio che sar\u00e0 aperto tra le stories della pagina instagram @visitischia.official (dove saranno pubblicati contenuti in live sulla festa) in una finestra di 20 minuti a partire dal termine dell\u2019ultima esibizione. Il voto del pubblico contribuir\u00e0 alla classifica degli influencer che assegner\u00e0 il nuovo premio \u201csocial\u201d<\/li>\n<\/ul>\n\n\n\n<p><\/p>\n\n\n\n<h3 class=\"wp-block-heading\"><strong>Come aiutare l&#8217;ambiente<\/strong><\/h3>\n\n\n\n<p>La bellezza di questo evento \u00e8 legata all\u2019unicit\u00e0 della Baia di Cartaromana che necessariamente va tutelata e custodita, per cui \u00e8 opportuno non lasciare rifiuti tra gli scogli e soprattutto a mare. Sarebbe opportuno premunirsi di piccoli sacchetti per i rifiuti.<\/p>\n\n\n\n<p>Sar\u00e0 in ogni caso vietato portare con s\u00e9 bottiglie in vetro. Chi vorr\u00e0 ripulire attivamente la baia, potr\u00e0 prendere parte all\u2019evento organizzato dall\u2019Area Marina Protetta Regno di Nettuno: l\u2019appuntamento \u00e8 per sabato 27 luglio ore 8.30, punto di ritrovo presso Ristorante da Coc\u00f2&nbsp;<\/p>\n\n\n\n<p><\/p>\n","protected":false},"excerpt":{"rendered":"<p>Vivi la magia della Festa di Sant&#8217;Anna a Ischia Ponte, un evento unico tra tradizione e spettacolo, ai piedi del suggestivo Castello Aragonese. Scopri tutto sul programma e come partecipare! La suggestione di una baia che diventa un palcoscenico, per un evento davvero unico nel suo genere. Anche quest&#8217;anno Alilauro suggerisce di non perdere la [&hellip;]<\/p>\n","protected":false},"author":4,"featured_media":3911,"menu_order":0,"template":"","archivio_alinews":[],"class_list":["post-3906","alinews","type-alinews","status-publish","has-post-thumbnail","hentry"],"acf":[],"yoast_head":"<!-- This site is optimized with the Yoast SEO plugin v25.2 - https:\/\/yoast.com\/wordpress\/plugins\/seo\/ -->\n<title>A Ischia lo spettacolo della Festa di Sant&#039;Anna - alilauro<\/title>\n<meta name=\"description\" content=\"Anche quest&#039;anno Alilauro suggerisce di non perdere la Festa a mare agli Scogli di Sant&#039;Anna, in programma il 26 luglio a Ischia Ponte.\" \/>\n<meta name=\"robots\" content=\"index, follow, max-snippet:-1, max-image-preview:large, max-video-preview:-1\" \/>\n<link rel=\"canonical\" href=\"https:\/\/www.alilauro.it\/it\/alinews\/a-ischia-lo-spettacolo-della-festa-di-santanna\/\" \/>\n<meta property=\"og:locale\" content=\"it_IT\" \/>\n<meta property=\"og:type\" content=\"article\" \/>\n<meta property=\"og:title\" content=\"A Ischia lo spettacolo della Festa di Sant&#039;Anna - alilauro\" \/>\n<meta property=\"og:description\" content=\"Anche quest&#039;anno Alilauro suggerisce di non perdere la Festa a mare agli Scogli di Sant&#039;Anna, in programma il 26 luglio a Ischia Ponte.\" \/>\n<meta property=\"og:url\" content=\"https:\/\/www.alilauro.it\/it\/alinews\/a-ischia-lo-spettacolo-della-festa-di-santanna\/\" \/>\n<meta property=\"og:site_name\" content=\"alilauro\" \/>\n<meta property=\"article:publisher\" content=\"https:\/\/www.facebook.com\/lauro.shipping.9\" \/>\n<meta property=\"article:modified_time\" content=\"2025-06-12T13:11:05+00:00\" \/>\n<meta property=\"og:image\" content=\"https:\/\/www.alilauro.it\/wp-content\/uploads\/2024\/07\/SantAnna-1.jpeg\" \/>\n\t<meta property=\"og:image:width\" content=\"1440\" \/>\n\t<meta property=\"og:image:height\" content=\"963\" \/>\n\t<meta property=\"og:image:type\" content=\"image\/jpeg\" \/>\n<meta name=\"twitter:card\" content=\"summary_large_image\" \/>\n<meta name=\"twitter:site\" content=\"@alilauro\" \/>\n<meta name=\"twitter:label1\" content=\"Tempo di lettura stimato\" \/>\n\t<meta name=\"twitter:data1\" content=\"10 minuti\" \/>\n<script type=\"application\/ld+json\" class=\"yoast-schema-graph\">{\"@context\":\"https:\/\/schema.org\",\"@graph\":[{\"@type\":\"WebPage\",\"@id\":\"https:\/\/www.alilauro.it\/it\/alinews\/a-ischia-lo-spettacolo-della-festa-di-santanna\/\",\"url\":\"https:\/\/www.alilauro.it\/it\/alinews\/a-ischia-lo-spettacolo-della-festa-di-santanna\/\",\"name\":\"A Ischia lo spettacolo della Festa di Sant'Anna - alilauro\",\"isPartOf\":{\"@id\":\"https:\/\/www.alilauro.it\/it\/#website\"},\"primaryImageOfPage\":{\"@id\":\"https:\/\/www.alilauro.it\/it\/alinews\/a-ischia-lo-spettacolo-della-festa-di-santanna\/#primaryimage\"},\"image\":{\"@id\":\"https:\/\/www.alilauro.it\/it\/alinews\/a-ischia-lo-spettacolo-della-festa-di-santanna\/#primaryimage\"},\"thumbnailUrl\":\"https:\/\/www.alilauro.it\/wp-content\/uploads\/2024\/07\/SantAnna-1.jpeg\",\"datePublished\":\"2024-07-25T11:25:32+00:00\",\"dateModified\":\"2025-06-12T13:11:05+00:00\",\"description\":\"Anche quest'anno Alilauro suggerisce di non perdere la Festa a mare agli Scogli di Sant'Anna, in programma il 26 luglio a Ischia Ponte.\",\"breadcrumb\":{\"@id\":\"https:\/\/www.alilauro.it\/it\/alinews\/a-ischia-lo-spettacolo-della-festa-di-santanna\/#breadcrumb\"},\"inLanguage\":\"it-IT\",\"potentialAction\":[{\"@type\":\"ReadAction\",\"target\":[\"https:\/\/www.alilauro.it\/it\/alinews\/a-ischia-lo-spettacolo-della-festa-di-santanna\/\"]}]},{\"@type\":\"ImageObject\",\"inLanguage\":\"it-IT\",\"@id\":\"https:\/\/www.alilauro.it\/it\/alinews\/a-ischia-lo-spettacolo-della-festa-di-santanna\/#primaryimage\",\"url\":\"https:\/\/www.alilauro.it\/wp-content\/uploads\/2024\/07\/SantAnna-1.jpeg\",\"contentUrl\":\"https:\/\/www.alilauro.it\/wp-content\/uploads\/2024\/07\/SantAnna-1.jpeg\",\"width\":1440,\"height\":963},{\"@type\":\"BreadcrumbList\",\"@id\":\"https:\/\/www.alilauro.it\/it\/alinews\/a-ischia-lo-spettacolo-della-festa-di-santanna\/#breadcrumb\",\"itemListElement\":[{\"@type\":\"ListItem\",\"position\":1,\"name\":\"Home\",\"item\":\"https:\/\/www.alilauro.it\/it\/\"},{\"@type\":\"ListItem\",\"position\":2,\"name\":\"Alinews\",\"item\":\"https:\/\/www.alilauro.it\/it\/alinews\/\"},{\"@type\":\"ListItem\",\"position\":3,\"name\":\"A Ischia lo spettacolo della Festa di Sant&#8217;Anna\"}]},{\"@type\":\"WebSite\",\"@id\":\"https:\/\/www.alilauro.it\/it\/#website\",\"url\":\"https:\/\/www.alilauro.it\/it\/\",\"name\":\"Alilauro\",\"description\":\"Una lunga storia di mare\",\"publisher\":{\"@id\":\"https:\/\/www.alilauro.it\/it\/#organization\"},\"potentialAction\":[{\"@type\":\"SearchAction\",\"target\":{\"@type\":\"EntryPoint\",\"urlTemplate\":\"https:\/\/www.alilauro.it\/it\/?s={search_term_string}\"},\"query-input\":{\"@type\":\"PropertyValueSpecification\",\"valueRequired\":true,\"valueName\":\"search_term_string\"}}],\"inLanguage\":\"it-IT\"},{\"@type\":\"Organization\",\"@id\":\"https:\/\/www.alilauro.it\/it\/#organization\",\"name\":\"Alilauro\",\"url\":\"https:\/\/www.alilauro.it\/it\/\",\"logo\":{\"@type\":\"ImageObject\",\"inLanguage\":\"it-IT\",\"@id\":\"https:\/\/www.alilauro.it\/it\/#\/schema\/logo\/image\/\",\"url\":\"https:\/\/www.alilauro.it\/wp-content\/uploads\/2022\/10\/logo-alilauro.jpg\",\"contentUrl\":\"https:\/\/www.alilauro.it\/wp-content\/uploads\/2022\/10\/logo-alilauro.jpg\",\"width\":333,\"height\":102,\"caption\":\"Alilauro\"},\"image\":{\"@id\":\"https:\/\/www.alilauro.it\/it\/#\/schema\/logo\/image\/\"},\"sameAs\":[\"https:\/\/www.facebook.com\/lauro.shipping.9\",\"https:\/\/x.com\/alilauro\",\"https:\/\/www.instagram.com\/alilaurovolaviamare\/\",\"https:\/\/www.youtube.com\/user\/arcipelagocampano\"]}]}<\/script>\n<!-- \/ Yoast SEO plugin. -->","yoast_head_json":{"title":"A Ischia lo spettacolo della Festa di Sant'Anna - alilauro","description":"Anche quest'anno Alilauro suggerisce di non perdere la Festa a mare agli Scogli di Sant'Anna, in programma il 26 luglio a Ischia Ponte.","robots":{"index":"index","follow":"follow","max-snippet":"max-snippet:-1","max-image-preview":"max-image-preview:large","max-video-preview":"max-video-preview:-1"},"canonical":"https:\/\/www.alilauro.it\/it\/alinews\/a-ischia-lo-spettacolo-della-festa-di-santanna\/","og_locale":"it_IT","og_type":"article","og_title":"A Ischia lo spettacolo della Festa di Sant'Anna - alilauro","og_description":"Anche quest'anno Alilauro suggerisce di non perdere la Festa a mare agli Scogli di Sant'Anna, in programma il 26 luglio a Ischia Ponte.","og_url":"https:\/\/www.alilauro.it\/it\/alinews\/a-ischia-lo-spettacolo-della-festa-di-santanna\/","og_site_name":"alilauro","article_publisher":"https:\/\/www.facebook.com\/lauro.shipping.9","article_modified_time":"2025-06-12T13:11:05+00:00","og_image":[{"width":1440,"height":963,"url":"https:\/\/www.alilauro.it\/wp-content\/uploads\/2024\/07\/SantAnna-1.jpeg","type":"image\/jpeg"}],"twitter_card":"summary_large_image","twitter_site":"@alilauro","twitter_misc":{"Tempo di lettura stimato":"10 minuti"},"schema":{"@context":"https:\/\/schema.org","@graph":[{"@type":"WebPage","@id":"https:\/\/www.alilauro.it\/it\/alinews\/a-ischia-lo-spettacolo-della-festa-di-santanna\/","url":"https:\/\/www.alilauro.it\/it\/alinews\/a-ischia-lo-spettacolo-della-festa-di-santanna\/","name":"A Ischia lo spettacolo della Festa di Sant'Anna - alilauro","isPartOf":{"@id":"https:\/\/www.alilauro.it\/it\/#website"},"primaryImageOfPage":{"@id":"https:\/\/www.alilauro.it\/it\/alinews\/a-ischia-lo-spettacolo-della-festa-di-santanna\/#primaryimage"},"image":{"@id":"https:\/\/www.alilauro.it\/it\/alinews\/a-ischia-lo-spettacolo-della-festa-di-santanna\/#primaryimage"},"thumbnailUrl":"https:\/\/www.alilauro.it\/wp-content\/uploads\/2024\/07\/SantAnna-1.jpeg","datePublished":"2024-07-25T11:25:32+00:00","dateModified":"2025-06-12T13:11:05+00:00","description":"Anche quest'anno Alilauro suggerisce di non perdere la Festa a mare agli Scogli di Sant'Anna, in programma il 26 luglio a Ischia Ponte.","breadcrumb":{"@id":"https:\/\/www.alilauro.it\/it\/alinews\/a-ischia-lo-spettacolo-della-festa-di-santanna\/#breadcrumb"},"inLanguage":"it-IT","potentialAction":[{"@type":"ReadAction","target":["https:\/\/www.alilauro.it\/it\/alinews\/a-ischia-lo-spettacolo-della-festa-di-santanna\/"]}]},{"@type":"ImageObject","inLanguage":"it-IT","@id":"https:\/\/www.alilauro.it\/it\/alinews\/a-ischia-lo-spettacolo-della-festa-di-santanna\/#primaryimage","url":"https:\/\/www.alilauro.it\/wp-content\/uploads\/2024\/07\/SantAnna-1.jpeg","contentUrl":"https:\/\/www.alilauro.it\/wp-content\/uploads\/2024\/07\/SantAnna-1.jpeg","width":1440,"height":963},{"@type":"BreadcrumbList","@id":"https:\/\/www.alilauro.it\/it\/alinews\/a-ischia-lo-spettacolo-della-festa-di-santanna\/#breadcrumb","itemListElement":[{"@type":"ListItem","position":1,"name":"Home","item":"https:\/\/www.alilauro.it\/it\/"},{"@type":"ListItem","position":2,"name":"Alinews","item":"https:\/\/www.alilauro.it\/it\/alinews\/"},{"@type":"ListItem","position":3,"name":"A Ischia lo spettacolo della Festa di Sant&#8217;Anna"}]},{"@type":"WebSite","@id":"https:\/\/www.alilauro.it\/it\/#website","url":"https:\/\/www.alilauro.it\/it\/","name":"Alilauro","description":"Una lunga storia di mare","publisher":{"@id":"https:\/\/www.alilauro.it\/it\/#organization"},"potentialAction":[{"@type":"SearchAction","target":{"@type":"EntryPoint","urlTemplate":"https:\/\/www.alilauro.it\/it\/?s={search_term_string}"},"query-input":{"@type":"PropertyValueSpecification","valueRequired":true,"valueName":"search_term_string"}}],"inLanguage":"it-IT"},{"@type":"Organization","@id":"https:\/\/www.alilauro.it\/it\/#organization","name":"Alilauro","url":"https:\/\/www.alilauro.it\/it\/","logo":{"@type":"ImageObject","inLanguage":"it-IT","@id":"https:\/\/www.alilauro.it\/it\/#\/schema\/logo\/image\/","url":"https:\/\/www.alilauro.it\/wp-content\/uploads\/2022\/10\/logo-alilauro.jpg","contentUrl":"https:\/\/www.alilauro.it\/wp-content\/uploads\/2022\/10\/logo-alilauro.jpg","width":333,"height":102,"caption":"Alilauro"},"image":{"@id":"https:\/\/www.alilauro.it\/it\/#\/schema\/logo\/image\/"},"sameAs":["https:\/\/www.facebook.com\/lauro.shipping.9","https:\/\/x.com\/alilauro","https:\/\/www.instagram.com\/alilaurovolaviamare\/","https:\/\/www.youtube.com\/user\/arcipelagocampano"]}]}},"_links":{"self":[{"href":"https:\/\/www.alilauro.it\/it\/wp-json\/wp\/v2\/alinews\/3906","targetHints":{"allow":["GET"]}}],"collection":[{"href":"https:\/\/www.alilauro.it\/it\/wp-json\/wp\/v2\/alinews"}],"about":[{"href":"https:\/\/www.alilauro.it\/it\/wp-json\/wp\/v2\/types\/alinews"}],"author":[{"embeddable":true,"href":"https:\/\/www.alilauro.it\/it\/wp-json\/wp\/v2\/users\/4"}],"wp:featuredmedia":[{"embeddable":true,"href":"https:\/\/www.alilauro.it\/it\/wp-json\/wp\/v2\/media\/3911"}],"wp:attachment":[{"href":"https:\/\/www.alilauro.it\/it\/wp-json\/wp\/v2\/media?parent=3906"}],"wp:term":[{"taxonomy":"archivio_alinews","embeddable":true,"href":"https:\/\/www.alilauro.it\/it\/wp-json\/wp\/v2\/archivio_alinews?post=3906"}],"curies":[{"name":"wp","href":"https:\/\/api.w.org\/{rel}","templated":true}]}}